{"id":8627,"date":"2022-05-06T16:10:34","date_gmt":"2022-05-06T16:10:34","guid":{"rendered":"https:\/\/avicegroup.com\/?p=8627"},"modified":"2022-05-09T15:23:21","modified_gmt":"2022-05-09T15:23:21","slug":"od-2018r-rosna-oplaty-drogowe-w-austrii","status":"publish","type":"post","link":"http:\/\/avicegroup.com\/pl\/od-2018r-rosna-oplaty-drogowe-w-austrii\/","title":{"rendered":"Od 2018r rosn\u0105 op\u0142aty drogowe w Austrii"},"content":{"rendered":"<h1 class=\"ui header\">\n<div class=\"sub header\">Od nowego roku op\u0142aty drogowe w Austrii wzrosn\u0105 o  1%.<\/div>\n<\/h1>\n<p style=\"font-size:1.1rem\">Pojazdy ci\u0119\u017carowe spe\u0142niaj\u0105ce norm\u0119 EURO6 mog\u0105 do 2020 roku liczy\u0107 na ni\u017csze op\u0142aty.<\/p>\n","protected":false},"excerpt":{"rendered":"<p>Od nowego roku op\u0142aty drogowe w Austrii wzrosn\u0105 o 1%. Pojazdy ci\u0119\u017carowe spe\u0142niaj\u0105ce norm\u0119 EURO6 mog\u0105 do 2020 roku liczy\u0107 na ni\u017csze op\u0142aty.<\/p>\n","protected":false},"author":1,"featured_media":8415,"comment_status":"open","ping_status":"open","sticky":false,"template":"","format":"standard","meta":[],"categories":[51],"tags":[],"_links":{"self":[{"href":"http:\/\/avicegroup.com\/pl\/wp-json\/wp\/v2\/posts\/8627"}],"collection":[{"href":"http:\/\/avicegroup.com\/pl\/wp-json\/wp\/v2\/posts"}],"about":[{"href":"http:\/\/avicegroup.com\/pl\/wp-json\/wp\/v2\/types\/post"}],"author":[{"embeddable":true,"href":"http:\/\/avicegroup.com\/pl\/wp-json\/wp\/v2\/users\/1"}],"replies":[{"embeddable":true,"href":"http:\/\/avicegroup.com\/pl\/wp-json\/wp\/v2\/comments?post=8627"}],"version-history":[{"count":1,"href":"http:\/\/avicegroup.com\/pl\/wp-json\/wp\/v2\/posts\/8627\/revisions"}],"predecessor-version":[{"id":8628,"href":"http:\/\/avicegroup.com\/pl\/wp-json\/wp\/v2\/posts\/8627\/revisions\/8628"}],"wp:featuredmedia":[{"embeddable":true,"href":"http:\/\/avicegroup.com\/pl\/wp-json\/wp\/v2\/media\/8415"}],"wp:attachment":[{"href":"http:\/\/avicegroup.com\/pl\/wp-json\/wp\/v2\/media?parent=8627"}],"wp:term":[{"taxonomy":"category","embeddable":true,"href":"http:\/\/avicegroup.com\/pl\/wp-json\/wp\/v2\/categories?post=8627"},{"taxonomy":"post_tag","embeddable":true,"href":"http:\/\/avicegroup.com\/pl\/wp-json\/wp\/v2\/tags?post=8627"}],"curies":[{"name":"wp","href":"https:\/\/api.w.org\/{rel}","templated":true}]}}