{"id":8621,"date":"2022-05-06T16:10:37","date_gmt":"2022-05-06T16:10:37","guid":{"rendered":"https:\/\/avicegroup.com\/?p=8621"},"modified":"2022-05-09T15:19:11","modified_gmt":"2022-05-09T15:19:11","slug":"niemcy-zamkna-na-jeden-grudniowy-weekend-wazny-odcinek-autostrady-a12","status":"publish","type":"post","link":"http:\/\/avicegroup.com\/pl\/niemcy-zamkna-na-jeden-grudniowy-weekend-wazny-odcinek-autostrady-a12\/","title":{"rendered":"Niemcy zamkn\u0105 na jeden grudniowy weekend wa\u017cny odcinek autostrady A12"},"content":{"rendered":"<h1 class=\"ui header\">\n<div class=\"sub header\">W zwi\u0105zku z planowanym wyburzeniem mostu tramwajowego  nad autostrad\u0105 A12 konieczne jest  jej zamkni\u0119cie  pomi\u0119dzy zjazdami Frankfurt  (Oder)- Mitte do  Frankfurt (Oder)- West<\/div>\n<\/h1>\n<p style=\"font-size:1.1rem\">Nast\u0105pi  to w weekend  9-10.12.2017r . Ca\u0142kowite zamkni\u0119cie autostrady na 24h  w obydwu kierunkach odb\u0119dzie si\u0119  w sobot\u0119 9 grudnia  od godz.22.00  do niedzieli 10 grudnia do godz.24.00.<\/p>\n<p>W kierunku Berlina A12 ma zosta\u0107  zamkni\u0119ta w sobot\u0119 9 grudnia ju\u017c od godziny 20.00 , natomiast w kierunku S\u0142ubic pozostanie zamkni\u0119ta do poniedzia\u0142ku 11 grudnia, do godz.  8.00.<\/p>\n","protected":false},"excerpt":{"rendered":"<p>W zwi\u0105zku z planowanym wyburzeniem mostu tramwajowego nad autostrad\u0105 A12 konieczne jest jej zamkni\u0119cie pomi\u0119dzy zjazdami Frankfurt (Oder)- Mitte do Frankfurt (Oder)- West Nast\u0105pi to w weekend 9-10.12.2017r . Ca\u0142kowite zamkni\u0119cie autostrady na 24h w obydwu kierunkach odb\u0119dzie si\u0119 w sobot\u0119 9 grudnia od godz.22.00 do niedzieli 10 grudnia do godz.24.00. W kierunku Berlina A12 [&hellip;]<\/p>\n","protected":false},"author":1,"featured_media":8440,"comment_status":"open","ping_status":"open","sticky":false,"template":"","format":"standard","meta":[],"categories":[51],"tags":[],"_links":{"self":[{"href":"http:\/\/avicegroup.com\/pl\/wp-json\/wp\/v2\/posts\/8621"}],"collection":[{"href":"http:\/\/avicegroup.com\/pl\/wp-json\/wp\/v2\/posts"}],"about":[{"href":"http:\/\/avicegroup.com\/pl\/wp-json\/wp\/v2\/types\/post"}],"author":[{"embeddable":true,"href":"http:\/\/avicegroup.com\/pl\/wp-json\/wp\/v2\/users\/1"}],"replies":[{"embeddable":true,"href":"http:\/\/avicegroup.com\/pl\/wp-json\/wp\/v2\/comments?post=8621"}],"version-history":[{"count":1,"href":"http:\/\/avicegroup.com\/pl\/wp-json\/wp\/v2\/posts\/8621\/revisions"}],"predecessor-version":[{"id":8622,"href":"http:\/\/avicegroup.com\/pl\/wp-json\/wp\/v2\/posts\/8621\/revisions\/8622"}],"wp:featuredmedia":[{"embeddable":true,"href":"http:\/\/avicegroup.com\/pl\/wp-json\/wp\/v2\/media\/8440"}],"wp:attachment":[{"href":"http:\/\/avicegroup.com\/pl\/wp-json\/wp\/v2\/media?parent=8621"}],"wp:term":[{"taxonomy":"category","embeddable":true,"href":"http:\/\/avicegroup.com\/pl\/wp-json\/wp\/v2\/categories?post=8621"},{"taxonomy":"post_tag","embeddable":true,"href":"http:\/\/avicegroup.com\/pl\/wp-json\/wp\/v2\/tags?post=8621"}],"curies":[{"name":"wp","href":"https:\/\/api.w.org\/{rel}","templated":true}]}}