{"id":8617,"date":"2022-05-06T16:10:52","date_gmt":"2022-05-06T16:10:52","guid":{"rendered":"https:\/\/avicegroup.com\/jak-wyglada-kontrola-regularnego-45-godzinnego-odpoczynku-w-niemczech\/"},"modified":"2022-05-09T15:19:59","modified_gmt":"2022-05-09T15:19:59","slug":"jak-wyglada-kontrola-regularnego-45-godzinnego-odpoczynku-w-niemczech","status":"publish","type":"post","link":"http:\/\/avicegroup.com\/pl\/jak-wyglada-kontrola-regularnego-45-godzinnego-odpoczynku-w-niemczech\/","title":{"rendered":"Jak wygl\u0105da kontrola regularnego 45 godzinnego odpoczynku w Niemczech?"},"content":{"rendered":"<h1 class=\"ui header\">\n<div class=\"sub header\">Czy odpoczynek 44 godzinny to ju\u017c odpoczynek regularny?<\/div>\n<\/h1>\n<p style=\"font-size:1.1rem\">Odpoczynek trwaj\u0105cy mniej ni\u017c 45  godzin nie b\u0119dzie uznany za regularny tygodniowy odpoczynek w rozumieniu Rozporz\u0105dzenia (WE) nr 561\/2006, a co za tym idzie &#8211; w sytuacji gdy kierowca odbierze np. 44 godzinny odpoczynek, kara na\u0142o\u017cona zostanie tylko za godziny brakuj\u0105ce do regularnego tygodniowego odpoczynku.<\/p>\n<p>Szczeg\u00f3\u0142owe informacje dotycz\u0105ce <a href=\"https:\/\/etransport.pl\/wiadomosc51582.html\"><b>kontroli dost\u0119pne na stronie <\/b><\/a>.<\/p>\n","protected":false},"excerpt":{"rendered":"<p>Czy odpoczynek 44 godzinny to ju\u017c odpoczynek regularny? Odpoczynek trwaj\u0105cy mniej ni\u017c 45 godzin nie b\u0119dzie uznany za regularny tygodniowy odpoczynek w rozumieniu Rozporz\u0105dzenia (WE) nr 561\/2006, a co za tym idzie &#8211; w sytuacji gdy kierowca odbierze np. 44 godzinny odpoczynek, kara na\u0142o\u017cona zostanie tylko za godziny brakuj\u0105ce do regularnego tygodniowego odpoczynku. Szczeg\u00f3\u0142owe informacje [&hellip;]<\/p>\n","protected":false},"author":1,"featured_media":8545,"comment_status":"open","ping_status":"open","sticky":false,"template":"","format":"standard","meta":[],"categories":[51],"tags":[],"_links":{"self":[{"href":"http:\/\/avicegroup.com\/pl\/wp-json\/wp\/v2\/posts\/8617"}],"collection":[{"href":"http:\/\/avicegroup.com\/pl\/wp-json\/wp\/v2\/posts"}],"about":[{"href":"http:\/\/avicegroup.com\/pl\/wp-json\/wp\/v2\/types\/post"}],"author":[{"embeddable":true,"href":"http:\/\/avicegroup.com\/pl\/wp-json\/wp\/v2\/users\/1"}],"replies":[{"embeddable":true,"href":"http:\/\/avicegroup.com\/pl\/wp-json\/wp\/v2\/comments?post=8617"}],"version-history":[{"count":1,"href":"http:\/\/avicegroup.com\/pl\/wp-json\/wp\/v2\/posts\/8617\/revisions"}],"predecessor-version":[{"id":8619,"href":"http:\/\/avicegroup.com\/pl\/wp-json\/wp\/v2\/posts\/8617\/revisions\/8619"}],"wp:featuredmedia":[{"embeddable":true,"href":"http:\/\/avicegroup.com\/pl\/wp-json\/wp\/v2\/media\/8545"}],"wp:attachment":[{"href":"http:\/\/avicegroup.com\/pl\/wp-json\/wp\/v2\/media?parent=8617"}],"wp:term":[{"taxonomy":"category","embeddable":true,"href":"http:\/\/avicegroup.com\/pl\/wp-json\/wp\/v2\/categories?post=8617"},{"taxonomy":"post_tag","embeddable":true,"href":"http:\/\/avicegroup.com\/pl\/wp-json\/wp\/v2\/tags?post=8617"}],"curies":[{"name":"wp","href":"https:\/\/api.w.org\/{rel}","templated":true}]}}