{"id":8572,"date":"2022-05-06T16:10:56","date_gmt":"2022-05-06T16:10:56","guid":{"rendered":"http:\/\/news.3.html"},"modified":"2022-05-06T16:10:56","modified_gmt":"2022-05-06T16:10:56","slug":"od-25-wrzesnia-strajk-kierowcow-we-francji","status":"publish","type":"post","link":"http:\/\/avicegroup.com\/pl\/od-25-wrzesnia-strajk-kierowcow-we-francji\/","title":{"rendered":"Od 25 wrze\u015bnia strajk kierowc\u00f3w we Francji"},"content":{"rendered":"<h1 class=\"ui header\">\n<div class=\"sub header\">Francuskie zwi\u0105zki CGT i FO zapowiedzia\u0142y krajowy strajk kierowc\u00f3w zawodowych przeciwko reformie pracy.<\/div>\n<\/h1>\n<p style=\"font-size:1.1rem\">Protest ten b\u0119dzie mia\u0142 bardzo realne konsekwencje dla gospodarki francuskiej i ostrzega, \u017ce pierwszymi celami b\u0119d\u0105 rafinerie i magazyny paliw. To nie pierwsze tego typu manifestacje, w ubieg\u0142ym roku <a href=\"\/\/etransport.pl\/wiadomosc49279.html\"><b>informowali\u015bmy o brakach paliwa<\/b><\/a>, kt\u00f3re spowodowane by\u0142y podobnymi dzia\u0142aniami.<\/p>\n<p>Francuskie zwi\u0105zki zawodowe wzywaj\u0105 do ca\u0142kowitego zniesienia ustawy El Khomri. Reforma ta zagra\u017ca pracownikom z d\u0142ugim sta\u017cem pracy i utrudnia dzia\u0142ania firmom posiadaj\u0105cym mniej ni\u017c 20 pracownik\u00f3w. Wed\u0142ug nich prezydent Macron powinien zmieni\u0107 dyrektyw\u0119 europejsk\u0105 i zapisy dotycz\u0105ce kabota\u017cu.<\/p>\n","protected":false},"excerpt":{"rendered":"<p>Francuskie zwi\u0105zki CGT i FO zapowiedzia\u0142y krajowy strajk kierowc\u00f3w zawodowych przeciwko reformie pracy. Protest ten b\u0119dzie mia\u0142 bardzo realne konsekwencje dla gospodarki francuskiej i ostrzega, \u017ce pierwszymi celami b\u0119d\u0105 rafinerie i magazyny paliw. To nie pierwsze tego typu manifestacje, w ubieg\u0142ym roku informowali\u015bmy o brakach paliwa, kt\u00f3re spowodowane by\u0142y podobnymi dzia\u0142aniami. Francuskie zwi\u0105zki zawodowe wzywaj\u0105 [&hellip;]<\/p>\n","protected":false},"author":0,"featured_media":8573,"comment_status":"open","ping_status":"open","sticky":false,"template":"","format":"standard","meta":[],"categories":[1],"tags":[],"_links":{"self":[{"href":"http:\/\/avicegroup.com\/pl\/wp-json\/wp\/v2\/posts\/8572"}],"collection":[{"href":"http:\/\/avicegroup.com\/pl\/wp-json\/wp\/v2\/posts"}],"about":[{"href":"http:\/\/avicegroup.com\/pl\/wp-json\/wp\/v2\/types\/post"}],"replies":[{"embeddable":true,"href":"http:\/\/avicegroup.com\/pl\/wp-json\/wp\/v2\/comments?post=8572"}],"version-history":[{"count":0,"href":"http:\/\/avicegroup.com\/pl\/wp-json\/wp\/v2\/posts\/8572\/revisions"}],"wp:featuredmedia":[{"embeddable":true,"href":"http:\/\/avicegroup.com\/pl\/wp-json\/wp\/v2\/media\/8573"}],"wp:attachment":[{"href":"http:\/\/avicegroup.com\/pl\/wp-json\/wp\/v2\/media?parent=8572"}],"wp:term":[{"taxonomy":"category","embeddable":true,"href":"http:\/\/avicegroup.com\/pl\/wp-json\/wp\/v2\/categories?post=8572"},{"taxonomy":"post_tag","embeddable":true,"href":"http:\/\/avicegroup.com\/pl\/wp-json\/wp\/v2\/tags?post=8572"}],"curies":[{"name":"wp","href":"https:\/\/api.w.org\/{rel}","templated":true}]}}