{"id":8502,"date":"2022-05-06T16:10:46","date_gmt":"2022-05-06T16:10:46","guid":{"rendered":"http:\/\/news.18.html"},"modified":"2022-05-06T16:10:46","modified_gmt":"2022-05-06T16:10:46","slug":"w-katalonii-zamkniete-drogi-blokady-i-liczne-utrudnienia-dla-kierowcow","status":"publish","type":"post","link":"http:\/\/avicegroup.com\/pl\/w-katalonii-zamkniete-drogi-blokady-i-liczne-utrudnienia-dla-kierowcow\/","title":{"rendered":"W Katalonii zamkni\u0119te drogi, blokady i liczne utrudnienia dla kierowc\u00f3w"},"content":{"rendered":"<h1 class=\"ui header\">\n<div class=\"sub header\">Rozpocz\u0105\u0142 si\u0119 strajk generalny, kt\u00f3ry ma potrwa\u0107 do 13 pa\u017adziernika. Udzia\u0142 w nim bierze sektor zdrowia, edukacji, transportu, prze\u0142adunkowy oraz rolnictwo.<\/div>\n<\/h1>\n<p style=\"font-size:1.1rem\">Mieszka\u0144cy Katalonii w ten spos\u00f3b chc\u0105 zademonstrowa\u0107 niezadowolenie z dzia\u0142a\u0144 policji jakie mia\u0142y miejsce w niedziel\u0119 podczas przeprowadzanego referendum. W sumie zablokowanych by\u0142o 37 katalo\u0144skich dr\u00f3g. <\/p>\n<p>Tworz\u0105 si\u0119 ogromne korki. Obecnie strajk obejmuje oko\u0142o 20 dr\u00f3g i s\u0105 to mi\u0119dzy innymi:<br \/>\n&#8211; AP7: Sant Sadurn\u00ed d&#8217;Anoia y Girona<br \/>\n&#8211; C-32: Matar\u00f3<br \/>\n&#8211; T\u00fanel del Cad\u00ed &#8211; Frontera de Francia<br \/>\n&#8211; B-30 en Sant Cugat del Vall\u00e8s<br \/>\noraz B-23, C-25, C-252, C-31, C-63, C-66, N-260, T-11, C-16 i N-340.<\/p>\n","protected":false},"excerpt":{"rendered":"<p>Rozpocz\u0105\u0142 si\u0119 strajk generalny, kt\u00f3ry ma potrwa\u0107 do 13 pa\u017adziernika. Udzia\u0142 w nim bierze sektor zdrowia, edukacji, transportu, prze\u0142adunkowy oraz rolnictwo. Mieszka\u0144cy Katalonii w ten spos\u00f3b chc\u0105 zademonstrowa\u0107 niezadowolenie z dzia\u0142a\u0144 policji jakie mia\u0142y miejsce w niedziel\u0119 podczas przeprowadzanego referendum. W sumie zablokowanych by\u0142o 37 katalo\u0144skich dr\u00f3g. Tworz\u0105 si\u0119 ogromne korki. Obecnie strajk obejmuje oko\u0142o [&hellip;]<\/p>\n","protected":false},"author":0,"featured_media":8503,"comment_status":"open","ping_status":"open","sticky":false,"template":"","format":"standard","meta":[],"categories":[1],"tags":[],"_links":{"self":[{"href":"http:\/\/avicegroup.com\/pl\/wp-json\/wp\/v2\/posts\/8502"}],"collection":[{"href":"http:\/\/avicegroup.com\/pl\/wp-json\/wp\/v2\/posts"}],"about":[{"href":"http:\/\/avicegroup.com\/pl\/wp-json\/wp\/v2\/types\/post"}],"replies":[{"embeddable":true,"href":"http:\/\/avicegroup.com\/pl\/wp-json\/wp\/v2\/comments?post=8502"}],"version-history":[{"count":0,"href":"http:\/\/avicegroup.com\/pl\/wp-json\/wp\/v2\/posts\/8502\/revisions"}],"wp:featuredmedia":[{"embeddable":true,"href":"http:\/\/avicegroup.com\/pl\/wp-json\/wp\/v2\/media\/8503"}],"wp:attachment":[{"href":"http:\/\/avicegroup.com\/pl\/wp-json\/wp\/v2\/media?parent=8502"}],"wp:term":[{"taxonomy":"category","embeddable":true,"href":"http:\/\/avicegroup.com\/pl\/wp-json\/wp\/v2\/categories?post=8502"},{"taxonomy":"post_tag","embeddable":true,"href":"http:\/\/avicegroup.com\/pl\/wp-json\/wp\/v2\/tags?post=8502"}],"curies":[{"name":"wp","href":"https:\/\/api.w.org\/{rel}","templated":true}]}}