{"id":8457,"date":"2022-05-06T16:10:40","date_gmt":"2022-05-06T16:10:40","guid":{"rendered":"http:\/\/news.27.html"},"modified":"2022-05-06T16:10:40","modified_gmt":"2022-05-06T16:10:40","slug":"dyrektywa-o-delegowaniu-pracownikow-a-transport","status":"publish","type":"post","link":"http:\/\/avicegroup.com\/pl\/dyrektywa-o-delegowaniu-pracownikow-a-transport\/","title":{"rendered":"Dyrektywa o delegowaniu pracownik\u00f3w, a transport"},"content":{"rendered":"<h1 class=\"ui header\">\n<div class=\"sub header\">Mimo braku poparcia ze strony kilu pa\u0144stw, w tym Polski, Rada Unii Europejskiej przyj\u0119\u0142a stanowisko w sprawie delegowania pracownik\u00f3w.<\/div>\n<\/h1>\n<p style=\"font-size:1.1rem\">Na wdro\u017cenie przepis\u00f3w, kraje maj\u0105 3 lata. Obejmuj\u0105 mi\u0119dzy innymi one okres delegowania, kt\u00f3ry ustalono na 12 miesi\u0119cy, z mo\u017cliwo\u015bci\u0105 przed\u0142u\u017cenia o kolejne 6.  Przyj\u0119to r\u00f3wnie\u017c, \u017ce koszty zwi\u0105zane z wy\u017cywieniem, zakwaterowaniem oraz transportem wyp\u0142acane b\u0119d\u0105 zgodnie z przepisami pa\u0144stwa wysy\u0142aj\u0105cego, a nie jak proponowano pa\u0144stwa przyjmuj\u0105cego.  <\/p>\n<p>Rada UE zdecydowa\u0142a, \u017ce szczeg\u00f3\u0142y dotycz\u0105ce  transportu drogowego b\u0119d\u0105 rozpatrywane w kolejnych dyrektywach.<\/p>\n","protected":false},"excerpt":{"rendered":"<p>Mimo braku poparcia ze strony kilu pa\u0144stw, w tym Polski, Rada Unii Europejskiej przyj\u0119\u0142a stanowisko w sprawie delegowania pracownik\u00f3w. Na wdro\u017cenie przepis\u00f3w, kraje maj\u0105 3 lata. Obejmuj\u0105 mi\u0119dzy innymi one okres delegowania, kt\u00f3ry ustalono na 12 miesi\u0119cy, z mo\u017cliwo\u015bci\u0105 przed\u0142u\u017cenia o kolejne 6. Przyj\u0119to r\u00f3wnie\u017c, \u017ce koszty zwi\u0105zane z wy\u017cywieniem, zakwaterowaniem oraz transportem wyp\u0142acane b\u0119d\u0105 [&hellip;]<\/p>\n","protected":false},"author":0,"featured_media":8458,"comment_status":"open","ping_status":"open","sticky":false,"template":"","format":"standard","meta":[],"categories":[1],"tags":[],"_links":{"self":[{"href":"http:\/\/avicegroup.com\/pl\/wp-json\/wp\/v2\/posts\/8457"}],"collection":[{"href":"http:\/\/avicegroup.com\/pl\/wp-json\/wp\/v2\/posts"}],"about":[{"href":"http:\/\/avicegroup.com\/pl\/wp-json\/wp\/v2\/types\/post"}],"replies":[{"embeddable":true,"href":"http:\/\/avicegroup.com\/pl\/wp-json\/wp\/v2\/comments?post=8457"}],"version-history":[{"count":0,"href":"http:\/\/avicegroup.com\/pl\/wp-json\/wp\/v2\/posts\/8457\/revisions"}],"wp:featuredmedia":[{"embeddable":true,"href":"http:\/\/avicegroup.com\/pl\/wp-json\/wp\/v2\/media\/8458"}],"wp:attachment":[{"href":"http:\/\/avicegroup.com\/pl\/wp-json\/wp\/v2\/media?parent=8457"}],"wp:term":[{"taxonomy":"category","embeddable":true,"href":"http:\/\/avicegroup.com\/pl\/wp-json\/wp\/v2\/categories?post=8457"},{"taxonomy":"post_tag","embeddable":true,"href":"http:\/\/avicegroup.com\/pl\/wp-json\/wp\/v2\/tags?post=8457"}],"curies":[{"name":"wp","href":"https:\/\/api.w.org\/{rel}","templated":true}]}}