{"id":8402,"date":"2022-05-06T16:10:33","date_gmt":"2022-05-06T16:10:33","guid":{"rendered":"http:\/\/news.38.html"},"modified":"2022-05-06T16:10:33","modified_gmt":"2022-05-06T16:10:33","slug":"austria-zakaz-odpoczynku-weekendowego-w-kabinie","status":"publish","type":"post","link":"http:\/\/avicegroup.com\/pl\/austria-zakaz-odpoczynku-weekendowego-w-kabinie\/","title":{"rendered":"Austria: zakaz  odpoczynku weekendowego  w kabinie"},"content":{"rendered":"<h1 class=\"ui header\">\n<div class=\"sub header\">Prezes austriackiej organizacji Transitforum Austria zwraca uwag\u0119 na to, \u017ce niedopuszczalne jest aby tysi\u0105ce kierowc\u00f3w zawodowych sp\u0119dza\u0142o nielegalnie sw\u00f3j tygodniowy czas odpoczynku na terenie Doliny Innu, obszaru obj\u0119tego ochron\u0105 przed ha\u0142asem i zanieczyszczeniami powietrza.<\/div>\n<\/h1>\n<p style=\"font-size:1.1rem\">&#8220;Informuje, \u017ce dzi\u015b z\u0142o\u017cyli\u015bmy wniosek do Wydzia\u0142u Prawa Transportowego w urz\u0119dzie tyrolskiego Samorz\u0105du Regionalnego, aby Policja Drogowa we wsp\u00f3\u0142pracy z Inspektoratem Pracy (ds. Kontroli Przestrzegania Przepis\u00f3w Socjalnych) podj\u0119\u0142a dzia\u0142ania w celu natychmiastowego, rygorystycznego i konsekwentnego egzekwowania rozporz\u0105dzenia (WE) nr 561\/2006, kt\u00f3re zabrania kierowcom zawodowym odbywania regularnego tygodniowego okresu odpoczynku (45h) na obszarze ca\u0142ej sieci drogowej Tyrolu jak r\u00f3wnie\u017c na parkingach wzd\u0142u\u017c autostrad A12 i A13.<\/p>\n<p>Wi\u0119cej  na ten temat mo\u017cna przeczyta\u0107 w materiale na etransport.pl<\/p>\n","protected":false},"excerpt":{"rendered":"<p>Prezes austriackiej organizacji Transitforum Austria zwraca uwag\u0119 na to, \u017ce niedopuszczalne jest aby tysi\u0105ce kierowc\u00f3w zawodowych sp\u0119dza\u0142o nielegalnie sw\u00f3j tygodniowy czas odpoczynku na terenie Doliny Innu, obszaru obj\u0119tego ochron\u0105 przed ha\u0142asem i zanieczyszczeniami powietrza. &#8220;Informuje, \u017ce dzi\u015b z\u0142o\u017cyli\u015bmy wniosek do Wydzia\u0142u Prawa Transportowego w urz\u0119dzie tyrolskiego Samorz\u0105du Regionalnego, aby Policja Drogowa we wsp\u00f3\u0142pracy z Inspektoratem [&hellip;]<\/p>\n","protected":false},"author":0,"featured_media":8403,"comment_status":"open","ping_status":"open","sticky":false,"template":"","format":"standard","meta":[],"categories":[1],"tags":[],"_links":{"self":[{"href":"http:\/\/avicegroup.com\/pl\/wp-json\/wp\/v2\/posts\/8402"}],"collection":[{"href":"http:\/\/avicegroup.com\/pl\/wp-json\/wp\/v2\/posts"}],"about":[{"href":"http:\/\/avicegroup.com\/pl\/wp-json\/wp\/v2\/types\/post"}],"replies":[{"embeddable":true,"href":"http:\/\/avicegroup.com\/pl\/wp-json\/wp\/v2\/comments?post=8402"}],"version-history":[{"count":0,"href":"http:\/\/avicegroup.com\/pl\/wp-json\/wp\/v2\/posts\/8402\/revisions"}],"wp:featuredmedia":[{"embeddable":true,"href":"http:\/\/avicegroup.com\/pl\/wp-json\/wp\/v2\/media\/8403"}],"wp:attachment":[{"href":"http:\/\/avicegroup.com\/pl\/wp-json\/wp\/v2\/media?parent=8402"}],"wp:term":[{"taxonomy":"category","embeddable":true,"href":"http:\/\/avicegroup.com\/pl\/wp-json\/wp\/v2\/categories?post=8402"},{"taxonomy":"post_tag","embeddable":true,"href":"http:\/\/avicegroup.com\/pl\/wp-json\/wp\/v2\/tags?post=8402"}],"curies":[{"name":"wp","href":"https:\/\/api.w.org\/{rel}","templated":true}]}}