{"id":8292,"date":"2022-05-06T16:10:15","date_gmt":"2022-05-06T16:10:15","guid":{"rendered":"http:\/\/news.62.html"},"modified":"2022-05-06T16:10:15","modified_gmt":"2022-05-06T16:10:15","slug":"unia-europejska-wyraza-zgode-na-ruch-wahadlowy-w-tyrolu","status":"publish","type":"post","link":"http:\/\/avicegroup.com\/pl\/unia-europejska-wyraza-zgode-na-ruch-wahadlowy-w-tyrolu\/","title":{"rendered":"Unia Europejska wyra\u017ca zgod\u0119 na ruch wahad\u0142owy w Tyrolu"},"content":{"rendered":"<h1 class=\"ui header\">\n<div class=\"sub header\">We wrze\u015bniu 2017r niemieccy ministrowie z\u0142o\u017cyli skarg\u0119  twierdz\u0105c, \u017ce wprowadzenie ruchu wahad\u0142owego stoi w jawnej sprzeczno\u015bci z zasad\u0105 swobodnego przep\u0142ywu towar\u00f3w w Europie.<\/div>\n<\/h1>\n<p style=\"font-size:1.1rem\">W najnowszym oficjalnym pi\u015bmie skierowanym do niemieckiego ministra, europejska komisarz ds transportu Violeta Bulc poinformowa\u0142a, \u017ce ograniczenie maksymalnej liczby pojazd\u00f3w ci\u0119\u017carowych jakie mog\u0105 przekroczy\u0107 granic\u0119 regionu w ci\u0105gu 1 godziny <b>nie narusza aktualnych przepis\u00f3w unijnych<\/b>  a rozwi\u0105zanie to obowi\u0105zuje jedynie w okresach zwi\u0119kszonego nat\u0119\u017cenia ruchu ci\u0119\u017carowego, w dniach nast\u0119puj\u0105cych po \u015bwi\u0119tach, w kt\u00f3rych obowi\u0105zuje zakaz ruchu. W zwi\u0105zku z tym, \u017ce rozwi\u0105zanie to zapobiega tworzeniu si\u0119 zator\u00f3w na drogach Tyrolu ale tym samym przyczynia si\u0119 do ich tworzenia w Bawarii, komisarz Violeta Bulc wzywa  Niemcy i Austri\u0119 do szukania wsp\u00f3lnych rozwi\u0105za\u0144.<\/p>\n","protected":false},"excerpt":{"rendered":"<p>We wrze\u015bniu 2017r niemieccy ministrowie z\u0142o\u017cyli skarg\u0119 twierdz\u0105c, \u017ce wprowadzenie ruchu wahad\u0142owego stoi w jawnej sprzeczno\u015bci z zasad\u0105 swobodnego przep\u0142ywu towar\u00f3w w Europie. W najnowszym oficjalnym pi\u015bmie skierowanym do niemieckiego ministra, europejska komisarz ds transportu Violeta Bulc poinformowa\u0142a, \u017ce ograniczenie maksymalnej liczby pojazd\u00f3w ci\u0119\u017carowych jakie mog\u0105 przekroczy\u0107 granic\u0119 regionu w ci\u0105gu 1 godziny nie narusza [&hellip;]<\/p>\n","protected":false},"author":0,"featured_media":8293,"comment_status":"open","ping_status":"open","sticky":false,"template":"","format":"standard","meta":[],"categories":[1],"tags":[],"_links":{"self":[{"href":"http:\/\/avicegroup.com\/pl\/wp-json\/wp\/v2\/posts\/8292"}],"collection":[{"href":"http:\/\/avicegroup.com\/pl\/wp-json\/wp\/v2\/posts"}],"about":[{"href":"http:\/\/avicegroup.com\/pl\/wp-json\/wp\/v2\/types\/post"}],"replies":[{"embeddable":true,"href":"http:\/\/avicegroup.com\/pl\/wp-json\/wp\/v2\/comments?post=8292"}],"version-history":[{"count":0,"href":"http:\/\/avicegroup.com\/pl\/wp-json\/wp\/v2\/posts\/8292\/revisions"}],"wp:featuredmedia":[{"embeddable":true,"href":"http:\/\/avicegroup.com\/pl\/wp-json\/wp\/v2\/media\/8293"}],"wp:attachment":[{"href":"http:\/\/avicegroup.com\/pl\/wp-json\/wp\/v2\/media?parent=8292"}],"wp:term":[{"taxonomy":"category","embeddable":true,"href":"http:\/\/avicegroup.com\/pl\/wp-json\/wp\/v2\/categories?post=8292"},{"taxonomy":"post_tag","embeddable":true,"href":"http:\/\/avicegroup.com\/pl\/wp-json\/wp\/v2\/tags?post=8292"}],"curies":[{"name":"wp","href":"https:\/\/api.w.org\/{rel}","templated":true}]}}