{"id":8147,"date":"2022-05-06T16:09:53","date_gmt":"2022-05-06T16:09:53","guid":{"rendered":"http:\/\/news.97.html"},"modified":"2022-05-06T16:09:53","modified_gmt":"2022-05-06T16:09:53","slug":"hiszpania-wprowadza-kare-za-odbior-45h-w-kabinie","status":"publish","type":"post","link":"http:\/\/avicegroup.com\/pl\/hiszpania-wprowadza-kare-za-odbior-45h-w-kabinie\/","title":{"rendered":"Hiszpania  wprowadza kar\u0119  za odbi\u00f3r 45h w kabinie"},"content":{"rendered":"<h1 class=\"ui header\">\n<div class=\"sub header\">Hiszpania r\u00f3wnie\u017c odpowiedzia\u0142a na wyrok Trybuna\u0142u Sprawiedliwo\u015bci UE z 20 grudnia 2017r, kt\u00f3ry orzek\u0142, \u017ce kierowca nie mo\u017ce sp\u0119dza\u0107 w poje\u017adzie regularnych tygodniowych okres\u00f3w odpoczynku.<\/div>\n<\/h1>\n<p style=\"font-size:1.1rem\">Hiszpa\u0144ski Zwi\u0105zek Przewo\u017anik\u00f3w Fenadismer potwierdzi\u0142, \u017ce w Ministerstwie trwaj\u0105 prace nad nowelizacj\u0105 ustawy, kt\u00f3ra wprowadzi zakaz odbierania regularnego tygodniowego odpoczynku w kabinie. <\/p>\n<p>Na chwil\u0119 obecn\u0105 wysoko\u015b\u0107 kary nie jest znana. Zakaz zacznie obowi\u0105zywa\u0107 najprawdopodobniej od 1 lipca 2018r.<\/p>\n","protected":false},"excerpt":{"rendered":"<p>Hiszpania r\u00f3wnie\u017c odpowiedzia\u0142a na wyrok Trybuna\u0142u Sprawiedliwo\u015bci UE z 20 grudnia 2017r, kt\u00f3ry orzek\u0142, \u017ce kierowca nie mo\u017ce sp\u0119dza\u0107 w poje\u017adzie regularnych tygodniowych okres\u00f3w odpoczynku. Hiszpa\u0144ski Zwi\u0105zek Przewo\u017anik\u00f3w Fenadismer potwierdzi\u0142, \u017ce w Ministerstwie trwaj\u0105 prace nad nowelizacj\u0105 ustawy, kt\u00f3ra wprowadzi zakaz odbierania regularnego tygodniowego odpoczynku w kabinie. Na chwil\u0119 obecn\u0105 wysoko\u015b\u0107 kary nie jest znana. [&hellip;]<\/p>\n","protected":false},"author":0,"featured_media":8148,"comment_status":"open","ping_status":"open","sticky":false,"template":"","format":"standard","meta":[],"categories":[1],"tags":[],"_links":{"self":[{"href":"http:\/\/avicegroup.com\/pl\/wp-json\/wp\/v2\/posts\/8147"}],"collection":[{"href":"http:\/\/avicegroup.com\/pl\/wp-json\/wp\/v2\/posts"}],"about":[{"href":"http:\/\/avicegroup.com\/pl\/wp-json\/wp\/v2\/types\/post"}],"replies":[{"embeddable":true,"href":"http:\/\/avicegroup.com\/pl\/wp-json\/wp\/v2\/comments?post=8147"}],"version-history":[{"count":0,"href":"http:\/\/avicegroup.com\/pl\/wp-json\/wp\/v2\/posts\/8147\/revisions"}],"wp:featuredmedia":[{"embeddable":true,"href":"http:\/\/avicegroup.com\/pl\/wp-json\/wp\/v2\/media\/8148"}],"wp:attachment":[{"href":"http:\/\/avicegroup.com\/pl\/wp-json\/wp\/v2\/media?parent=8147"}],"wp:term":[{"taxonomy":"category","embeddable":true,"href":"http:\/\/avicegroup.com\/pl\/wp-json\/wp\/v2\/categories?post=8147"},{"taxonomy":"post_tag","embeddable":true,"href":"http:\/\/avicegroup.com\/pl\/wp-json\/wp\/v2\/tags?post=8147"}],"curies":[{"name":"wp","href":"https:\/\/api.w.org\/{rel}","templated":true}]}}