{"id":8087,"date":"2022-05-06T16:09:45","date_gmt":"2022-05-06T16:09:45","guid":{"rendered":"http:\/\/news.109.html"},"modified":"2022-05-06T16:09:45","modified_gmt":"2022-05-06T16:09:45","slug":"holandia-ruszaja-kontrole-w-zwiazku-z-zakazem-45-godzinnego-odpoczynku-w-kabinie","status":"publish","type":"post","link":"http:\/\/avicegroup.com\/pl\/holandia-ruszaja-kontrole-w-zwiazku-z-zakazem-45-godzinnego-odpoczynku-w-kabinie\/","title":{"rendered":"Holandia:  ruszaj\u0105 kontrole w zwi\u0105zku z zakazem 45-godzinnego odpoczynku w kabinie"},"content":{"rendered":"<h1 class=\"ui header\">\n<div class=\"sub header\">20 grudnia 2017r Trybuna\u0142 Sprawiedliwo\u015bci UE orzek\u0142, \u017ce kierowca nie mo\u017ce sp\u0119dza\u0107 w poje\u017adzie regularnych tygodniowych okres\u00f3w odpoczynku, a tym samym zalegalizowa\u0142 kary nak\u0142adane przez pa\u0144stwa cz\u0142onkowskie.<\/div>\n<\/h1>\n<p style=\"font-size:1.1rem\">W po\u0142owie stycznia holenderska Minister Infrastruktury Cora van Nieuwenhuizen poinformowa\u0142a o kontrolach w zwi\u0105zku z zakazem 45-godzinnego odpoczynku w kabinie maj\u0105cych si\u0119 rozpocz\u0105\u0107 od lutego b.r.<br \/>\nNa kierowc\u00f3w maja by\u0107 nak\u0142adane kary w wysoko\u015bci 1500 euro.<\/p>\n","protected":false},"excerpt":{"rendered":"<p>20 grudnia 2017r Trybuna\u0142 Sprawiedliwo\u015bci UE orzek\u0142, \u017ce kierowca nie mo\u017ce sp\u0119dza\u0107 w poje\u017adzie regularnych tygodniowych okres\u00f3w odpoczynku, a tym samym zalegalizowa\u0142 kary nak\u0142adane przez pa\u0144stwa cz\u0142onkowskie. W po\u0142owie stycznia holenderska Minister Infrastruktury Cora van Nieuwenhuizen poinformowa\u0142a o kontrolach w zwi\u0105zku z zakazem 45-godzinnego odpoczynku w kabinie maj\u0105cych si\u0119 rozpocz\u0105\u0107 od lutego b.r. Na kierowc\u00f3w [&hellip;]<\/p>\n","protected":false},"author":0,"featured_media":8088,"comment_status":"open","ping_status":"open","sticky":false,"template":"","format":"standard","meta":[],"categories":[1],"tags":[],"_links":{"self":[{"href":"http:\/\/avicegroup.com\/pl\/wp-json\/wp\/v2\/posts\/8087"}],"collection":[{"href":"http:\/\/avicegroup.com\/pl\/wp-json\/wp\/v2\/posts"}],"about":[{"href":"http:\/\/avicegroup.com\/pl\/wp-json\/wp\/v2\/types\/post"}],"replies":[{"embeddable":true,"href":"http:\/\/avicegroup.com\/pl\/wp-json\/wp\/v2\/comments?post=8087"}],"version-history":[{"count":0,"href":"http:\/\/avicegroup.com\/pl\/wp-json\/wp\/v2\/posts\/8087\/revisions"}],"wp:featuredmedia":[{"embeddable":true,"href":"http:\/\/avicegroup.com\/pl\/wp-json\/wp\/v2\/media\/8088"}],"wp:attachment":[{"href":"http:\/\/avicegroup.com\/pl\/wp-json\/wp\/v2\/media?parent=8087"}],"wp:term":[{"taxonomy":"category","embeddable":true,"href":"http:\/\/avicegroup.com\/pl\/wp-json\/wp\/v2\/categories?post=8087"},{"taxonomy":"post_tag","embeddable":true,"href":"http:\/\/avicegroup.com\/pl\/wp-json\/wp\/v2\/tags?post=8087"}],"curies":[{"name":"wp","href":"https:\/\/api.w.org\/{rel}","templated":true}]}}