{"id":7902,"date":"2022-05-06T16:09:18","date_gmt":"2022-05-06T16:09:18","guid":{"rendered":"http:\/\/news.152.html"},"modified":"2022-05-06T16:09:18","modified_gmt":"2022-05-06T16:09:18","slug":"brak-parkingu-a-mozliwosc-powolania-sie-na-art-12-rozp-561-2006","status":"publish","type":"post","link":"http:\/\/avicegroup.com\/pl\/brak-parkingu-a-mozliwosc-powolania-sie-na-art-12-rozp-561-2006\/","title":{"rendered":"Brak parkingu a mo\u017cliwo\u015b\u0107 powo\u0142ania si\u0119 na art.12 Rozp. 561\/2006"},"content":{"rendered":"<h1 class=\"ui header\">\n<div class=\"sub header\">Zgodnie z art.12 Rozporz\u0105dzenia 561\/2006 kierowca mo\u017ce odst\u0105pi\u0107 od przepis\u00f3w art. 6-9 w zakresie niezb\u0119dnym dla zapewnienia bezpiecze\u0144stwa os\u00f3b, pojazdu lub \u0142adunku, pod warunkiem \u017ce nie zagra\u017ca to bezpiecze\u0144stwu drogowemu oraz umo\u017cliwia osi\u0105gni\u0119cie przez pojazd odpowiedniego miejsca postoju.<\/div>\n<\/h1>\n<p style=\"font-size:1.1rem\">Zgodnie z wyrokiem NSA z 24.02.2015r., przyczynami usprawiedliwiaj\u0105cymi  odst\u0105pienia od stosowania przepis\u00f3w i  powo\u0142ania si\u0119 na art.12 s\u0105 &#8220;nadzwyczajne trudno\u015bci niezale\u017cne od woli kierowcy oraz ewidentnie nieuniknione i niedaj\u0105ce si\u0119 przewidzie\u0107 nawet przy zachowaniu najwy\u017cszej staranno\u015bci. Przepis ten nie upowa\u017cnia kierowcy do odst\u0119pstw od rozporz\u0105dzenia z powod\u00f3w, kt\u00f3re by\u0142y znane przed rozpocz\u0119ciem podr\u00f3\u017cy.&#8221;<\/p>\n<p>Podobne stanowisko zaj\u0105\u0142 Europejski Trybuna\u0142 Sprawiedliwo\u015bci stwierdzaj\u0105c, \u017ce art.12 rozporz\u0105dzenia 561\/2006 nie zwalnia przewo\u017anik\u00f3w z brania pod uwag\u0119 regularnie wyst\u0119puj\u0105cych na drogach kork\u00f3w, warunk\u00f3w atmosferycznych czy dost\u0119pno\u015bci do parking\u00f3w przy ucz\u0119szczanych trasach. <\/p>\n<p>Okazuje si\u0119 zatem, \u017ce w przypadku narusze\u0144 czasu pracy kierowc\u00f3w spowodowanych brakiem miejsc parkingowych powo\u0142anie si\u0119 na art.12 jest post\u0119powaniem nieprawid\u0142owym.  <\/p>\n<p>Wi\u0119cej na ten temat w artykule:<\/p>\n","protected":false},"excerpt":{"rendered":"<p>Zgodnie z art.12 Rozporz\u0105dzenia 561\/2006 kierowca mo\u017ce odst\u0105pi\u0107 od przepis\u00f3w art. 6-9 w zakresie niezb\u0119dnym dla zapewnienia bezpiecze\u0144stwa os\u00f3b, pojazdu lub \u0142adunku, pod warunkiem \u017ce nie zagra\u017ca to bezpiecze\u0144stwu drogowemu oraz umo\u017cliwia osi\u0105gni\u0119cie przez pojazd odpowiedniego miejsca postoju. Zgodnie z wyrokiem NSA z 24.02.2015r., przyczynami usprawiedliwiaj\u0105cymi odst\u0105pienia od stosowania przepis\u00f3w i powo\u0142ania si\u0119 na art.12 [&hellip;]<\/p>\n","protected":false},"author":0,"featured_media":7903,"comment_status":"open","ping_status":"open","sticky":false,"template":"","format":"standard","meta":[],"categories":[1],"tags":[],"_links":{"self":[{"href":"http:\/\/avicegroup.com\/pl\/wp-json\/wp\/v2\/posts\/7902"}],"collection":[{"href":"http:\/\/avicegroup.com\/pl\/wp-json\/wp\/v2\/posts"}],"about":[{"href":"http:\/\/avicegroup.com\/pl\/wp-json\/wp\/v2\/types\/post"}],"replies":[{"embeddable":true,"href":"http:\/\/avicegroup.com\/pl\/wp-json\/wp\/v2\/comments?post=7902"}],"version-history":[{"count":0,"href":"http:\/\/avicegroup.com\/pl\/wp-json\/wp\/v2\/posts\/7902\/revisions"}],"wp:featuredmedia":[{"embeddable":true,"href":"http:\/\/avicegroup.com\/pl\/wp-json\/wp\/v2\/media\/7903"}],"wp:attachment":[{"href":"http:\/\/avicegroup.com\/pl\/wp-json\/wp\/v2\/media?parent=7902"}],"wp:term":[{"taxonomy":"category","embeddable":true,"href":"http:\/\/avicegroup.com\/pl\/wp-json\/wp\/v2\/categories?post=7902"},{"taxonomy":"post_tag","embeddable":true,"href":"http:\/\/avicegroup.com\/pl\/wp-json\/wp\/v2\/tags?post=7902"}],"curies":[{"name":"wp","href":"https:\/\/api.w.org\/{rel}","templated":true}]}}