{"id":7877,"date":"2022-05-06T16:09:15","date_gmt":"2022-05-06T16:09:15","guid":{"rendered":"http:\/\/news.157.html"},"modified":"2022-05-06T16:09:15","modified_gmt":"2022-05-06T16:09:15","slug":"wzgorze-magdaleny-zamkniete-na-kolejne-dwa-miesiace","status":"publish","type":"post","link":"http:\/\/avicegroup.com\/pl\/wzgorze-magdaleny-zamkniete-na-kolejne-dwa-miesiace\/","title":{"rendered":"Wzg\u00f3rze Magdaleny zamkni\u0119te na kolejne dwa miesi\u0105ce"},"content":{"rendered":"<h1 class=\"ui header\">\n<div class=\"sub header\">Droga graniczna mi\u0119dzy W\u0142ochami a Francj\u0105, wa\u017cna dla transportu samochodowego regionu Piemont, zosta\u0142a obj\u0119ta 90-dniowym  zakazem ruchu dla pojazd\u00f3w ci\u0119\u017carowych i b\u0119dzie zamkni\u0119ta przez najbli\u017csze dwa miesi\u0105ce ze wzgl\u0119du na osuwisko.<\/div>\n<\/h1>\n<p style=\"font-size:1.1rem\">Nie ma spokoju na Wzg\u00f3rzu Magdaleny (Colle della Maddalena), najpierw po\u017cary, a potem z\u0142e warunki atmosferyczne zaowocowa\u0142y dziewi\u0119\u0107dziesi\u0119cioma dniami zakazu ruchu dla samochod\u00f3w ci\u0119\u017carowych. Natomiast po stronie francuskiej Prefektura Barcellonette szacuje, \u017ce droga Dipartimentale 900, kt\u00f3ra prowadzi do Wzg\u00f3rza Magdaleny, b\u0119dzie zamkni\u0119ta dla ruchu przez najbli\u017csze dwa miesi\u0105ce. Zosta\u0142o to og\u0142oszone przez stowarzyszenie przewo\u017anik\u00f3w drogowych Astra, kt\u00f3rzy jako przyczyn\u0119 podali niestabilny stan muru oporowego, do kt\u00f3rego przylega droga.<\/p>\n<p><b>Zakaz tranzytu dotyczy pojazd\u00f3w ci\u0119\u017carowych o masie ca\u0142kowitej przekraczaj\u0105cej 19 ton i pozostanie w mocy do czasu zagwarantowania warunk\u00f3w bezpiecze\u0144stwa<\/b>.<\/p>\n","protected":false},"excerpt":{"rendered":"<p>Droga graniczna mi\u0119dzy W\u0142ochami a Francj\u0105, wa\u017cna dla transportu samochodowego regionu Piemont, zosta\u0142a obj\u0119ta 90-dniowym zakazem ruchu dla pojazd\u00f3w ci\u0119\u017carowych i b\u0119dzie zamkni\u0119ta przez najbli\u017csze dwa miesi\u0105ce ze wzgl\u0119du na osuwisko. Nie ma spokoju na Wzg\u00f3rzu Magdaleny (Colle della Maddalena), najpierw po\u017cary, a potem z\u0142e warunki atmosferyczne zaowocowa\u0142y dziewi\u0119\u0107dziesi\u0119cioma dniami zakazu ruchu dla samochod\u00f3w ci\u0119\u017carowych. [&hellip;]<\/p>\n","protected":false},"author":0,"featured_media":7878,"comment_status":"open","ping_status":"open","sticky":false,"template":"","format":"standard","meta":[],"categories":[1],"tags":[],"_links":{"self":[{"href":"http:\/\/avicegroup.com\/pl\/wp-json\/wp\/v2\/posts\/7877"}],"collection":[{"href":"http:\/\/avicegroup.com\/pl\/wp-json\/wp\/v2\/posts"}],"about":[{"href":"http:\/\/avicegroup.com\/pl\/wp-json\/wp\/v2\/types\/post"}],"replies":[{"embeddable":true,"href":"http:\/\/avicegroup.com\/pl\/wp-json\/wp\/v2\/comments?post=7877"}],"version-history":[{"count":0,"href":"http:\/\/avicegroup.com\/pl\/wp-json\/wp\/v2\/posts\/7877\/revisions"}],"wp:featuredmedia":[{"embeddable":true,"href":"http:\/\/avicegroup.com\/pl\/wp-json\/wp\/v2\/media\/7878"}],"wp:attachment":[{"href":"http:\/\/avicegroup.com\/pl\/wp-json\/wp\/v2\/media?parent=7877"}],"wp:term":[{"taxonomy":"category","embeddable":true,"href":"http:\/\/avicegroup.com\/pl\/wp-json\/wp\/v2\/categories?post=7877"},{"taxonomy":"post_tag","embeddable":true,"href":"http:\/\/avicegroup.com\/pl\/wp-json\/wp\/v2\/tags?post=7877"}],"curies":[{"name":"wp","href":"https:\/\/api.w.org\/{rel}","templated":true}]}}