{"id":7842,"date":"2022-05-06T16:09:10","date_gmt":"2022-05-06T16:09:10","guid":{"rendered":"http:\/\/news.164.html"},"modified":"2022-05-06T16:09:10","modified_gmt":"2022-05-06T16:09:10","slug":"dodatkowe-zakazy-ruchu-dla-ciezarowek-w-austrii-pierwszy-z-nich-juz-30-marca","status":"publish","type":"post","link":"http:\/\/avicegroup.com\/pl\/dodatkowe-zakazy-ruchu-dla-ciezarowek-w-austrii-pierwszy-z-nich-juz-30-marca\/","title":{"rendered":"Dodatkowe zakazy ruchu dla ci\u0119\u017car\u00f3wek w Austrii. Pierwszy z nich  ju\u017c  30 marca"},"content":{"rendered":"<h1 class=\"ui header\">\n<div class=\"sub header\">Opr\u00f3cz normalnego kalendarza zakaz\u00f3w planowanych na 2018 r., kt\u00f3re dotycz\u0105 wakacji i godzin nocnych, rz\u0105d austriacki wprowadzi\u0142 dodatkowe zakazy obowi\u0105zuj\u0105ce tylko w niekt\u00f3rych g\u0142\u00f3wnych arteriach komunikacyjnych, kt\u00f3re przekraczaj\u0105 ten kraj.<\/div>\n<\/h1>\n<p style=\"font-size:1.1rem\">Autostrady, kt\u00f3rych dotycz\u0105 to A12 Inntalautobahn, A13 Brennerautobahn, ale niekt\u00f3re zakazy odnosz\u0105 si\u0119 tak\u017ce do pi\u0119ciu dr\u00f3g krajowych. Okresy obowi\u0105zywania zakaz\u00f3w r\u00f3\u017cni\u0105 si\u0119 w zale\u017cno\u015bci od kierunku, w kt\u00f3rym podr\u00f3\u017cuj\u0105 ci\u0119\u017car\u00f3wki, poniewa\u017c s\u0105 one powi\u0105zane z zakazami s\u0105siaduj\u0105cych pa\u0144stw, a mianowicie z W\u0142ochami i Niemcami. Zakazy te nie dotycz\u0105 tych pojazd\u00f3w, kt\u00f3re maj\u0105 zwolnienia z podr\u00f3\u017cowania w obu krajach.<\/p>\n<p>Szczeg\u00f3\u0142y dost\u0119pne s\u0105 w serwisie www.trafficban.com w zak\u0142adce AUSTRIA oraz w informacji prasowej<\/p>\n","protected":false},"excerpt":{"rendered":"<p>Opr\u00f3cz normalnego kalendarza zakaz\u00f3w planowanych na 2018 r., kt\u00f3re dotycz\u0105 wakacji i godzin nocnych, rz\u0105d austriacki wprowadzi\u0142 dodatkowe zakazy obowi\u0105zuj\u0105ce tylko w niekt\u00f3rych g\u0142\u00f3wnych arteriach komunikacyjnych, kt\u00f3re przekraczaj\u0105 ten kraj. Autostrady, kt\u00f3rych dotycz\u0105 to A12 Inntalautobahn, A13 Brennerautobahn, ale niekt\u00f3re zakazy odnosz\u0105 si\u0119 tak\u017ce do pi\u0119ciu dr\u00f3g krajowych. Okresy obowi\u0105zywania zakaz\u00f3w r\u00f3\u017cni\u0105 si\u0119 w zale\u017cno\u015bci [&hellip;]<\/p>\n","protected":false},"author":0,"featured_media":7843,"comment_status":"open","ping_status":"open","sticky":false,"template":"","format":"standard","meta":[],"categories":[1],"tags":[],"_links":{"self":[{"href":"http:\/\/avicegroup.com\/pl\/wp-json\/wp\/v2\/posts\/7842"}],"collection":[{"href":"http:\/\/avicegroup.com\/pl\/wp-json\/wp\/v2\/posts"}],"about":[{"href":"http:\/\/avicegroup.com\/pl\/wp-json\/wp\/v2\/types\/post"}],"replies":[{"embeddable":true,"href":"http:\/\/avicegroup.com\/pl\/wp-json\/wp\/v2\/comments?post=7842"}],"version-history":[{"count":0,"href":"http:\/\/avicegroup.com\/pl\/wp-json\/wp\/v2\/posts\/7842\/revisions"}],"wp:featuredmedia":[{"embeddable":true,"href":"http:\/\/avicegroup.com\/pl\/wp-json\/wp\/v2\/media\/7843"}],"wp:attachment":[{"href":"http:\/\/avicegroup.com\/pl\/wp-json\/wp\/v2\/media?parent=7842"}],"wp:term":[{"taxonomy":"category","embeddable":true,"href":"http:\/\/avicegroup.com\/pl\/wp-json\/wp\/v2\/categories?post=7842"},{"taxonomy":"post_tag","embeddable":true,"href":"http:\/\/avicegroup.com\/pl\/wp-json\/wp\/v2\/tags?post=7842"}],"curies":[{"name":"wp","href":"https:\/\/api.w.org\/{rel}","templated":true}]}}