{"id":7812,"date":"2022-05-06T16:09:06","date_gmt":"2022-05-06T16:09:06","guid":{"rendered":"http:\/\/news.170.html"},"modified":"2022-05-06T16:09:06","modified_gmt":"2022-05-06T16:09:06","slug":"francja-odstepstwo-od-zakazu-7-8-maja-br","status":"publish","type":"post","link":"http:\/\/avicegroup.com\/pl\/francja-odstepstwo-od-zakazu-7-8-maja-br\/","title":{"rendered":"Francja:  odst\u0119pstwo od zakazu 7\/8 maja br."},"content":{"rendered":"<h1 class=\"ui header\">\n<div class=\"sub header\">Zakaz w dniach 9 i 10 maja pozostaje bez zmian.<\/div>\n<\/h1>\n<p style=\"font-size:1.1rem\">Bior\u0105c pod uwag\u0119 wyj\u0105tkowy charakter po\u0142\u0105czenia dw\u00f3ch \u015bwi\u0105t pa\u0144stwowych (8 i 10 maja 2018 r.) w tym samym tygodniu oraz konsekwencje gospodarcze wynikaj\u0105ce z og\u00f3lnego zakazu poruszania si\u0119 po ca\u0142ej sieci dr\u00f3g w tych dniach, Minister Transportu wyda\u0142 w dniu 22.02.2018r  dekret, na mocy kt\u00f3rego dla pojazd\u00f3w ci\u0119\u017carowych o dmc pow. 7,5t  zniesiony zostaje zakaz  w dniach:<\/p>\n<p> <b>7 maja 2018r, od godz 22.00 do 24.00 oraz  8 maja 2018r , od godz.00.00 do godz.22.00. <\/b><\/p>\n<p>W wyj\u0105tkowych okoliczno\u015bciach zakaz mo\u017ce zosta\u0107 lokalnie ca\u0142kowicie lub cz\u0119\u015bciowo przywr\u00f3cony przez prefekta danego departamentu.<\/p>\n","protected":false},"excerpt":{"rendered":"<p>Zakaz w dniach 9 i 10 maja pozostaje bez zmian. Bior\u0105c pod uwag\u0119 wyj\u0105tkowy charakter po\u0142\u0105czenia dw\u00f3ch \u015bwi\u0105t pa\u0144stwowych (8 i 10 maja 2018 r.) w tym samym tygodniu oraz konsekwencje gospodarcze wynikaj\u0105ce z og\u00f3lnego zakazu poruszania si\u0119 po ca\u0142ej sieci dr\u00f3g w tych dniach, Minister Transportu wyda\u0142 w dniu 22.02.2018r dekret, na mocy kt\u00f3rego [&hellip;]<\/p>\n","protected":false},"author":0,"featured_media":7813,"comment_status":"open","ping_status":"open","sticky":false,"template":"","format":"standard","meta":[],"categories":[1],"tags":[],"_links":{"self":[{"href":"http:\/\/avicegroup.com\/pl\/wp-json\/wp\/v2\/posts\/7812"}],"collection":[{"href":"http:\/\/avicegroup.com\/pl\/wp-json\/wp\/v2\/posts"}],"about":[{"href":"http:\/\/avicegroup.com\/pl\/wp-json\/wp\/v2\/types\/post"}],"replies":[{"embeddable":true,"href":"http:\/\/avicegroup.com\/pl\/wp-json\/wp\/v2\/comments?post=7812"}],"version-history":[{"count":0,"href":"http:\/\/avicegroup.com\/pl\/wp-json\/wp\/v2\/posts\/7812\/revisions"}],"wp:featuredmedia":[{"embeddable":true,"href":"http:\/\/avicegroup.com\/pl\/wp-json\/wp\/v2\/media\/7813"}],"wp:attachment":[{"href":"http:\/\/avicegroup.com\/pl\/wp-json\/wp\/v2\/media?parent=7812"}],"wp:term":[{"taxonomy":"category","embeddable":true,"href":"http:\/\/avicegroup.com\/pl\/wp-json\/wp\/v2\/categories?post=7812"},{"taxonomy":"post_tag","embeddable":true,"href":"http:\/\/avicegroup.com\/pl\/wp-json\/wp\/v2\/tags?post=7812"}],"curies":[{"name":"wp","href":"https:\/\/api.w.org\/{rel}","templated":true}]}}