{"id":7797,"date":"2022-05-06T16:09:04","date_gmt":"2022-05-06T16:09:04","guid":{"rendered":"http:\/\/news.173.html"},"modified":"2022-05-06T16:09:04","modified_gmt":"2022-05-06T16:09:04","slug":"sankcje-za-noclegi-w-kabinie-w-trosce-o-pracodawcow","status":"publish","type":"post","link":"http:\/\/avicegroup.com\/pl\/sankcje-za-noclegi-w-kabinie-w-trosce-o-pracodawcow\/","title":{"rendered":"Sankcje za noclegi w kabinie w trosce o pracodawc\u00f3w"},"content":{"rendered":"<h1 class=\"ui header\">\n<div class=\"sub header\">Europejskie konfederacje zwi\u0105zk\u00f3w zawodowych w li\u015bcie otwartym z 9 kwietnia br. sprzeciwiaj\u0105 si\u0119 jakimkolwiek zmianom w zakresie czasu pracy czy te\u017c stosowania modelu delegowania w odniesieniu do kierowc\u00f3w, kt\u00f3re s\u0105 obj\u0119te Pakietem Mobilno\u015bci.<\/div>\n<\/h1>\n<p style=\"font-size:1.1rem\">Niekt\u00f3rzy europos\u0142owie-sprawozdawcy zaproponowali rozs\u0105dne rozwi\u0105zania prawne, kt\u00f3re uzale\u017cnia\u0142yby obi\u00f3r regularnego odpoczynku tygodniowego poza kabin\u0105 od dost\u0119pno\u015bci infrastruktury dla kierowc\u00f3w. Wobec braku takiej infrastruktury, dostosowanej do potrzeb kierowc\u00f3w zawodowych, nocleg odbywa\u0142by si\u0119 w technicznie przystosowanej do tego kabinie. Na to jednak zwi\u0105zki zawodowe nie wyra\u017caj\u0105 zgody.<\/p>\n<p>Wi\u0119cej na ten temat w artykule.<\/p>\n","protected":false},"excerpt":{"rendered":"<p>Europejskie konfederacje zwi\u0105zk\u00f3w zawodowych w li\u015bcie otwartym z 9 kwietnia br. sprzeciwiaj\u0105 si\u0119 jakimkolwiek zmianom w zakresie czasu pracy czy te\u017c stosowania modelu delegowania w odniesieniu do kierowc\u00f3w, kt\u00f3re s\u0105 obj\u0119te Pakietem Mobilno\u015bci. Niekt\u00f3rzy europos\u0142owie-sprawozdawcy zaproponowali rozs\u0105dne rozwi\u0105zania prawne, kt\u00f3re uzale\u017cnia\u0142yby obi\u00f3r regularnego odpoczynku tygodniowego poza kabin\u0105 od dost\u0119pno\u015bci infrastruktury dla kierowc\u00f3w. Wobec braku takiej [&hellip;]<\/p>\n","protected":false},"author":0,"featured_media":7798,"comment_status":"open","ping_status":"open","sticky":false,"template":"","format":"standard","meta":[],"categories":[1],"tags":[],"_links":{"self":[{"href":"http:\/\/avicegroup.com\/pl\/wp-json\/wp\/v2\/posts\/7797"}],"collection":[{"href":"http:\/\/avicegroup.com\/pl\/wp-json\/wp\/v2\/posts"}],"about":[{"href":"http:\/\/avicegroup.com\/pl\/wp-json\/wp\/v2\/types\/post"}],"replies":[{"embeddable":true,"href":"http:\/\/avicegroup.com\/pl\/wp-json\/wp\/v2\/comments?post=7797"}],"version-history":[{"count":0,"href":"http:\/\/avicegroup.com\/pl\/wp-json\/wp\/v2\/posts\/7797\/revisions"}],"wp:featuredmedia":[{"embeddable":true,"href":"http:\/\/avicegroup.com\/pl\/wp-json\/wp\/v2\/media\/7798"}],"wp:attachment":[{"href":"http:\/\/avicegroup.com\/pl\/wp-json\/wp\/v2\/media?parent=7797"}],"wp:term":[{"taxonomy":"category","embeddable":true,"href":"http:\/\/avicegroup.com\/pl\/wp-json\/wp\/v2\/categories?post=7797"},{"taxonomy":"post_tag","embeddable":true,"href":"http:\/\/avicegroup.com\/pl\/wp-json\/wp\/v2\/tags?post=7797"}],"curies":[{"name":"wp","href":"https:\/\/api.w.org\/{rel}","templated":true}]}}