{"id":7757,"date":"2022-05-06T16:08:58","date_gmt":"2022-05-06T16:08:58","guid":{"rendered":"http:\/\/news.182.html"},"modified":"2022-05-06T16:08:58","modified_gmt":"2022-05-06T16:08:58","slug":"czechy-zamkniecie-dla-ciezarowek-mostu-w-poblizu-pasohlavky","status":"publish","type":"post","link":"http:\/\/avicegroup.com\/pl\/czechy-zamkniecie-dla-ciezarowek-mostu-w-poblizu-pasohlavky\/","title":{"rendered":"Czechy: zamkni\u0119cie dla ci\u0119\u017car\u00f3wek mostu w pobli\u017cu Pasohl\u00e1vky"},"content":{"rendered":"<h1 class=\"ui header\">\n<div class=\"sub header\">Chodzi o most b\u0119d\u0105cy cz\u0119\u015bci\u0105 ruchliwej drogo z Brna do Wiednia.<\/div>\n<\/h1>\n<p style=\"font-size:1.1rem\">Obecnie ograniczenie ma dotyczy\u0107 pojazd\u00f3w o dmc powy\u017cej 13t  a w przysz\u0142ym roku zostanie on ca\u0142kowicie zamkni\u0119ty.<br \/>\nObjazd zaplanowano przez B\u0159eclav i Znojmo.<\/p>\n","protected":false},"excerpt":{"rendered":"<p>Chodzi o most b\u0119d\u0105cy cz\u0119\u015bci\u0105 ruchliwej drogo z Brna do Wiednia. Obecnie ograniczenie ma dotyczy\u0107 pojazd\u00f3w o dmc powy\u017cej 13t a w przysz\u0142ym roku zostanie on ca\u0142kowicie zamkni\u0119ty. Objazd zaplanowano przez B\u0159eclav i Znojmo.<\/p>\n","protected":false},"author":0,"featured_media":7758,"comment_status":"open","ping_status":"open","sticky":false,"template":"","format":"standard","meta":[],"categories":[1],"tags":[],"_links":{"self":[{"href":"http:\/\/avicegroup.com\/pl\/wp-json\/wp\/v2\/posts\/7757"}],"collection":[{"href":"http:\/\/avicegroup.com\/pl\/wp-json\/wp\/v2\/posts"}],"about":[{"href":"http:\/\/avicegroup.com\/pl\/wp-json\/wp\/v2\/types\/post"}],"replies":[{"embeddable":true,"href":"http:\/\/avicegroup.com\/pl\/wp-json\/wp\/v2\/comments?post=7757"}],"version-history":[{"count":0,"href":"http:\/\/avicegroup.com\/pl\/wp-json\/wp\/v2\/posts\/7757\/revisions"}],"wp:featuredmedia":[{"embeddable":true,"href":"http:\/\/avicegroup.com\/pl\/wp-json\/wp\/v2\/media\/7758"}],"wp:attachment":[{"href":"http:\/\/avicegroup.com\/pl\/wp-json\/wp\/v2\/media?parent=7757"}],"wp:term":[{"taxonomy":"category","embeddable":true,"href":"http:\/\/avicegroup.com\/pl\/wp-json\/wp\/v2\/categories?post=7757"},{"taxonomy":"post_tag","embeddable":true,"href":"http:\/\/avicegroup.com\/pl\/wp-json\/wp\/v2\/tags?post=7757"}],"curies":[{"name":"wp","href":"https:\/\/api.w.org\/{rel}","templated":true}]}}