{"id":7702,"date":"2022-05-06T16:08:51","date_gmt":"2022-05-06T16:08:51","guid":{"rendered":"http:\/\/news.193.html"},"modified":"2022-05-06T16:08:51","modified_gmt":"2022-05-06T16:08:51","slug":"tyrol-ke-wzywa-do-ograniczenia-ruchu-wahadlowego","status":"publish","type":"post","link":"http:\/\/avicegroup.com\/pl\/tyrol-ke-wzywa-do-ograniczenia-ruchu-wahadlowego\/","title":{"rendered":"Tyrol &#8211; KE wzywa do ograniczenia ruchu wahad\u0142owego"},"content":{"rendered":"<h1 class=\"ui header\">\n<div class=\"sub header\">Na rok 2018 wyznaczono 25 termin\u00f3w ograniczenia intensywno\u015bci ruchu towarowego na autostradzie Inntal w pobli\u017cu Kufstein-Nord na granicy niemiecko-austriackiej.<\/div>\n<\/h1>\n<p style=\"font-size:1.1rem\">Aby zmniejszy\u0107 nat\u0119\u017cenie ruchu na ruchliwych trasach tranzytowych granic\u0119 w wyznaczonych terminach mo\u017ce przekroczy\u0107 tylko od 250 do 300 ci\u0119\u017car\u00f3wek na godzin\u0119. Powoduje to tworzenie si\u0119 kilkudziesi\u0119ciokilometrowych kork\u00f3w. <\/p>\n<p>Unijna komisarz ds. transportu, Viloeta Bulc wezwa\u0142a do ograniczenia ruchu wahad\u0142owego, wskazuj\u0105c, \u017ce zaplanowane od marca do listopada 2018r 25-krotne wprowadzenie ruchu wahad\u0142owego narusza zasady swobodnego przep\u0142ywu towar\u00f3w, wykracza poza to co konieczne do zapewniania bezpiecze\u0144stwa dostaw na terenie Tyrolu, powoduje zatory w Bawarii obci\u0105\u017caj\u0105c tym samym miejscowe \u015brodowisko oraz zaburza ruch po drugiej stronie granicy.<\/p>\n","protected":false},"excerpt":{"rendered":"<p>Na rok 2018 wyznaczono 25 termin\u00f3w ograniczenia intensywno\u015bci ruchu towarowego na autostradzie Inntal w pobli\u017cu Kufstein-Nord na granicy niemiecko-austriackiej. Aby zmniejszy\u0107 nat\u0119\u017cenie ruchu na ruchliwych trasach tranzytowych granic\u0119 w wyznaczonych terminach mo\u017ce przekroczy\u0107 tylko od 250 do 300 ci\u0119\u017car\u00f3wek na godzin\u0119. Powoduje to tworzenie si\u0119 kilkudziesi\u0119ciokilometrowych kork\u00f3w. Unijna komisarz ds. transportu, Viloeta Bulc wezwa\u0142a do [&hellip;]<\/p>\n","protected":false},"author":0,"featured_media":7703,"comment_status":"open","ping_status":"open","sticky":false,"template":"","format":"standard","meta":[],"categories":[1],"tags":[],"_links":{"self":[{"href":"http:\/\/avicegroup.com\/pl\/wp-json\/wp\/v2\/posts\/7702"}],"collection":[{"href":"http:\/\/avicegroup.com\/pl\/wp-json\/wp\/v2\/posts"}],"about":[{"href":"http:\/\/avicegroup.com\/pl\/wp-json\/wp\/v2\/types\/post"}],"replies":[{"embeddable":true,"href":"http:\/\/avicegroup.com\/pl\/wp-json\/wp\/v2\/comments?post=7702"}],"version-history":[{"count":0,"href":"http:\/\/avicegroup.com\/pl\/wp-json\/wp\/v2\/posts\/7702\/revisions"}],"wp:featuredmedia":[{"embeddable":true,"href":"http:\/\/avicegroup.com\/pl\/wp-json\/wp\/v2\/media\/7703"}],"wp:attachment":[{"href":"http:\/\/avicegroup.com\/pl\/wp-json\/wp\/v2\/media?parent=7702"}],"wp:term":[{"taxonomy":"category","embeddable":true,"href":"http:\/\/avicegroup.com\/pl\/wp-json\/wp\/v2\/categories?post=7702"},{"taxonomy":"post_tag","embeddable":true,"href":"http:\/\/avicegroup.com\/pl\/wp-json\/wp\/v2\/tags?post=7702"}],"curies":[{"name":"wp","href":"https:\/\/api.w.org\/{rel}","templated":true}]}}