{"id":7642,"date":"2022-05-06T16:08:43","date_gmt":"2022-05-06T16:08:43","guid":{"rendered":"http:\/\/news.205.html"},"modified":"2022-05-06T16:08:43","modified_gmt":"2022-05-06T16:08:43","slug":"wlochy-rewizja-przepisow-regulujacych-zakazy-ruchu-dla-ciezarowek-poruszajacych-sie-po-kraju","status":"publish","type":"post","link":"http:\/\/avicegroup.com\/pl\/wlochy-rewizja-przepisow-regulujacych-zakazy-ruchu-dla-ciezarowek-poruszajacych-sie-po-kraju\/","title":{"rendered":"W\u0142ochy: rewizja przepis\u00f3w reguluj\u0105cych zakazy ruchu dla ci\u0119\u017car\u00f3wek poruszaj\u0105cych si\u0119 po kraju"},"content":{"rendered":"<h1 class=\"ui header\">\n<div class=\"sub header\">Utrzymane zostaj\u0105 wszystkie zakazy przewidziane na rok 2018. Natomiast zgodnie z nowymi ustaleniami, pojawia si\u0119 pewien wyj\u0105tek dla kierowc\u00f3w wracaj\u0105cych do siedziby firmy.<\/div>\n<\/h1>\n<p style=\"font-size:1.1rem\">Zagraniczne media informuj\u0105, \u017ce <b>wyj\u0105tek dotyczy ci\u0119\u017car\u00f3wek poruszaj\u0105cych si\u0119 na terenach niezamieszka\u0142ych<\/b> (art. 3.2 b kalendarza zakaz\u00f3w) <b>i b\u0119d\u0105cych w drodze powrotnej do centrali.<\/b> Za central\u0119 uznaje si\u0119 tylko t\u0119 firm\u0119, w kt\u00f3rej ci\u0119\u017car\u00f3wka zosta\u0142a zarejestrowana w pierwszej lub drugiej kolejno\u015bci. Fakt ten musi by\u0107 potwierdzony aktualnym \u015bwiadectwem rejestracji, kt\u00f3re nale\u017cy z\u0142o\u017cy\u0107 w Izbie Przemys\u0142owo-Handlowej. Ponadto, <b>odleg\u0142o\u015b\u0107 do pokonania nie mo\u017ce przekracza\u0107 50 km.<\/b><\/p>\n","protected":false},"excerpt":{"rendered":"<p>Utrzymane zostaj\u0105 wszystkie zakazy przewidziane na rok 2018. Natomiast zgodnie z nowymi ustaleniami, pojawia si\u0119 pewien wyj\u0105tek dla kierowc\u00f3w wracaj\u0105cych do siedziby firmy. Zagraniczne media informuj\u0105, \u017ce wyj\u0105tek dotyczy ci\u0119\u017car\u00f3wek poruszaj\u0105cych si\u0119 na terenach niezamieszka\u0142ych (art. 3.2 b kalendarza zakaz\u00f3w) i b\u0119d\u0105cych w drodze powrotnej do centrali. Za central\u0119 uznaje si\u0119 tylko t\u0119 firm\u0119, w [&hellip;]<\/p>\n","protected":false},"author":0,"featured_media":7643,"comment_status":"open","ping_status":"open","sticky":false,"template":"","format":"standard","meta":[],"categories":[1],"tags":[],"_links":{"self":[{"href":"http:\/\/avicegroup.com\/pl\/wp-json\/wp\/v2\/posts\/7642"}],"collection":[{"href":"http:\/\/avicegroup.com\/pl\/wp-json\/wp\/v2\/posts"}],"about":[{"href":"http:\/\/avicegroup.com\/pl\/wp-json\/wp\/v2\/types\/post"}],"replies":[{"embeddable":true,"href":"http:\/\/avicegroup.com\/pl\/wp-json\/wp\/v2\/comments?post=7642"}],"version-history":[{"count":0,"href":"http:\/\/avicegroup.com\/pl\/wp-json\/wp\/v2\/posts\/7642\/revisions"}],"wp:featuredmedia":[{"embeddable":true,"href":"http:\/\/avicegroup.com\/pl\/wp-json\/wp\/v2\/media\/7643"}],"wp:attachment":[{"href":"http:\/\/avicegroup.com\/pl\/wp-json\/wp\/v2\/media?parent=7642"}],"wp:term":[{"taxonomy":"category","embeddable":true,"href":"http:\/\/avicegroup.com\/pl\/wp-json\/wp\/v2\/categories?post=7642"},{"taxonomy":"post_tag","embeddable":true,"href":"http:\/\/avicegroup.com\/pl\/wp-json\/wp\/v2\/tags?post=7642"}],"curies":[{"name":"wp","href":"https:\/\/api.w.org\/{rel}","templated":true}]}}