{"id":7537,"date":"2022-05-06T16:08:29","date_gmt":"2022-05-06T16:08:29","guid":{"rendered":"http:\/\/news.226.html"},"modified":"2022-05-06T16:08:29","modified_gmt":"2022-05-06T16:08:29","slug":"gb-m20-zamknieta-miedzy-wezlem-9-i-11","status":"publish","type":"post","link":"http:\/\/avicegroup.com\/pl\/gb-m20-zamknieta-miedzy-wezlem-9-i-11\/","title":{"rendered":"GB &#8211; M20 zamkni\u0119ta mi\u0119dzy w\u0119z\u0142em 9 i 11"},"content":{"rendered":"<h1 class=\"ui header\">\n<div class=\"sub header\">Do Dover i do Eurotunelu kierowcy pojazd\u00f3w ci\u0119\u017carowych b\u0119d\u0105 musieli jecha\u0107 objazdami.<\/div>\n<\/h1>\n<p style=\"font-size:1.1rem\">Od 26 do 30 czerwca odcinek autostrady M20 pomi\u0119dzy w\u0119z\u0142ami 9 i 11 w kierunku wybrze\u017ca b\u0119dzie zamkni\u0119ty w godzinach od 20.00 do 6.00 ze wzgl\u0119du na prace zwi\u0105zane z wymian\u0105 nawierzchni.<br \/>\nSamochody ci\u0119\u017carowe jad\u0105ce w kierunku portu w Dover oraz Eurotunelu powinny korzysta\u0107 z autostrad A2\/M2 lub kierowa\u0107 si\u0119 wed\u0142ug znak\u00f3w tras\u0105 objazdow\u0105 od w\u0119z\u0142a 9 wzd\u0142u\u017c A28, A2 oraz A20.<\/p>\n<p>W dniach od 3 do 6 lipca wspomniany wy\u017cej odcinek b\u0119dzie zamkni\u0119ty  w godzinach nocnych ale w kierunku Londynu. Wszystkie samochody ci\u0119\u017carowe jad\u0105ce z Dover powinny korzysta\u0107 z autostrad A2\/M2 lub kierowa\u0107 si\u0119 zgodnie ze znakami tras\u0105 objazdow\u0105 od w\u0119z\u0142a w Thanington do A28 a nast\u0119pnie wr\u00f3ci\u0107 na M20.<br \/>\nZ Eurotunelu w kierunku Londynu ruch ci\u0119\u017carowy b\u0119dzie si\u0119 odbywa\u0142 objazdem wzd\u0142u\u017c M20, A20, A2 oraz A28.<\/p>\n","protected":false},"excerpt":{"rendered":"<p>Do Dover i do Eurotunelu kierowcy pojazd\u00f3w ci\u0119\u017carowych b\u0119d\u0105 musieli jecha\u0107 objazdami. Od 26 do 30 czerwca odcinek autostrady M20 pomi\u0119dzy w\u0119z\u0142ami 9 i 11 w kierunku wybrze\u017ca b\u0119dzie zamkni\u0119ty w godzinach od 20.00 do 6.00 ze wzgl\u0119du na prace zwi\u0105zane z wymian\u0105 nawierzchni. Samochody ci\u0119\u017carowe jad\u0105ce w kierunku portu w Dover oraz Eurotunelu powinny [&hellip;]<\/p>\n","protected":false},"author":0,"featured_media":7538,"comment_status":"open","ping_status":"open","sticky":false,"template":"","format":"standard","meta":[],"categories":[1],"tags":[],"_links":{"self":[{"href":"http:\/\/avicegroup.com\/pl\/wp-json\/wp\/v2\/posts\/7537"}],"collection":[{"href":"http:\/\/avicegroup.com\/pl\/wp-json\/wp\/v2\/posts"}],"about":[{"href":"http:\/\/avicegroup.com\/pl\/wp-json\/wp\/v2\/types\/post"}],"replies":[{"embeddable":true,"href":"http:\/\/avicegroup.com\/pl\/wp-json\/wp\/v2\/comments?post=7537"}],"version-history":[{"count":0,"href":"http:\/\/avicegroup.com\/pl\/wp-json\/wp\/v2\/posts\/7537\/revisions"}],"wp:featuredmedia":[{"embeddable":true,"href":"http:\/\/avicegroup.com\/pl\/wp-json\/wp\/v2\/media\/7538"}],"wp:attachment":[{"href":"http:\/\/avicegroup.com\/pl\/wp-json\/wp\/v2\/media?parent=7537"}],"wp:term":[{"taxonomy":"category","embeddable":true,"href":"http:\/\/avicegroup.com\/pl\/wp-json\/wp\/v2\/categories?post=7537"},{"taxonomy":"post_tag","embeddable":true,"href":"http:\/\/avicegroup.com\/pl\/wp-json\/wp\/v2\/tags?post=7537"}],"curies":[{"name":"wp","href":"https:\/\/api.w.org\/{rel}","templated":true}]}}