{"id":7522,"date":"2022-05-06T16:08:27","date_gmt":"2022-05-06T16:08:27","guid":{"rendered":"http:\/\/news.229.html"},"modified":"2022-05-06T16:08:27","modified_gmt":"2022-05-06T16:08:27","slug":"niemcy-od-1-lipca-oplata-drogowa-rozszerzona-na-wszystkie-drogi-federalne","status":"publish","type":"post","link":"http:\/\/avicegroup.com\/pl\/niemcy-od-1-lipca-oplata-drogowa-rozszerzona-na-wszystkie-drogi-federalne\/","title":{"rendered":"NIEMCY &#8211; od 1 lipca op\u0142ata drogowa rozszerzona na wszystkie drogi federalne"},"content":{"rendered":"<h1 class=\"ui header\">\n<div class=\"sub header\">Na stronie internetowej www.toll-collect.de podane s\u0105 aktualne informacje na temat wa\u017cnych zmian w systemie op\u0142at.<\/div>\n<\/h1>\n<p style=\"font-size:1.1rem\">Z op\u0142at wy\u0142\u0105czone s\u0105 nast\u0119puj\u0105ce odcinki:<br \/>\n&#8211; autostrada A6 od granicy niemiecko-francuskiej do w\u0119z\u0142a Saarbr\u00fccken-Fechingen w obu kierunkach;<br \/>\n&#8211; autostrada A5 od granicy niemiecko-szwajcarskiej i granicy niemiecko-francuskiej do w\u0119z\u0142a M\u00fcllheim-Neuenburg w obu kierunkach.<\/p>\n<p>Bez zmian pozostaj\u0105:<br \/>\n&#8211; limit tona\u017cu 7,5t dmc;<br \/>\n&#8211; stawki op\u0142at okre\u015blone w za\u0142\u0105czniku 1 do ustawy;<br \/>\n&#8211; dotychczasowe warunki zwolnie\u0144 z op\u0142at wymienione w \u00a71 ust.2 ustawy BFStrMG, np. zwolnienie dla pojazd\u00f3w uprzywilejowanych w zakresie utrzymania i obs\u0142ugi dr\u00f3g, w tym czyszczenia ulic i us\u0142ug od\u015bnie\u017cania;<br \/>\n&#8211; dodatkowe zwolnienie dla pojazd\u00f3w rolniczych przewo\u017c\u0105cych \u0142adunki w ramach dzia\u0142alno\u015bci gospodarczej i poruszaj\u0105cych si\u0119 z maksymaln\u0105 pr\u0119dko\u015bci\u0105 konstrukcyjn\u0105 nie wi\u0119ksz\u0105 ni\u017c 40km\/h.<\/p>\n","protected":false},"excerpt":{"rendered":"<p>Na stronie internetowej www.toll-collect.de podane s\u0105 aktualne informacje na temat wa\u017cnych zmian w systemie op\u0142at. Z op\u0142at wy\u0142\u0105czone s\u0105 nast\u0119puj\u0105ce odcinki: &#8211; autostrada A6 od granicy niemiecko-francuskiej do w\u0119z\u0142a Saarbr\u00fccken-Fechingen w obu kierunkach; &#8211; autostrada A5 od granicy niemiecko-szwajcarskiej i granicy niemiecko-francuskiej do w\u0119z\u0142a M\u00fcllheim-Neuenburg w obu kierunkach. Bez zmian pozostaj\u0105: &#8211; limit tona\u017cu 7,5t [&hellip;]<\/p>\n","protected":false},"author":0,"featured_media":7523,"comment_status":"open","ping_status":"open","sticky":false,"template":"","format":"standard","meta":[],"categories":[1],"tags":[],"_links":{"self":[{"href":"http:\/\/avicegroup.com\/pl\/wp-json\/wp\/v2\/posts\/7522"}],"collection":[{"href":"http:\/\/avicegroup.com\/pl\/wp-json\/wp\/v2\/posts"}],"about":[{"href":"http:\/\/avicegroup.com\/pl\/wp-json\/wp\/v2\/types\/post"}],"replies":[{"embeddable":true,"href":"http:\/\/avicegroup.com\/pl\/wp-json\/wp\/v2\/comments?post=7522"}],"version-history":[{"count":0,"href":"http:\/\/avicegroup.com\/pl\/wp-json\/wp\/v2\/posts\/7522\/revisions"}],"wp:featuredmedia":[{"embeddable":true,"href":"http:\/\/avicegroup.com\/pl\/wp-json\/wp\/v2\/media\/7523"}],"wp:attachment":[{"href":"http:\/\/avicegroup.com\/pl\/wp-json\/wp\/v2\/media?parent=7522"}],"wp:term":[{"taxonomy":"category","embeddable":true,"href":"http:\/\/avicegroup.com\/pl\/wp-json\/wp\/v2\/categories?post=7522"},{"taxonomy":"post_tag","embeddable":true,"href":"http:\/\/avicegroup.com\/pl\/wp-json\/wp\/v2\/tags?post=7522"}],"curies":[{"name":"wp","href":"https:\/\/api.w.org\/{rel}","templated":true}]}}