{"id":7507,"date":"2022-05-06T16:08:24","date_gmt":"2022-05-06T16:08:24","guid":{"rendered":"http:\/\/news.232.html"},"modified":"2022-05-06T16:08:24","modified_gmt":"2022-05-06T16:08:24","slug":"tymczasowe-kontrole-graniczne-na-przeleczy-brenner","status":"publish","type":"post","link":"http:\/\/avicegroup.com\/pl\/tymczasowe-kontrole-graniczne-na-przeleczy-brenner\/","title":{"rendered":"Tymczasowe kontrole graniczne na prze\u0142\u0119czy Brenner"},"content":{"rendered":"<h1 class=\"ui header\">\n<div class=\"sub header\">W lipcu i wrze\u015bniu Austria zamierza wprowadzi\u0107 tymczasowe kontrole na kilku przej\u015bciach granicznych do Niemiec i W\u0142och.<\/div>\n<\/h1>\n<p style=\"font-size:1.1rem\">Dzia\u0142ania te zosta\u0142y zaplanowane ju\u017c dawno i maj\u0105 na celu zwi\u0119kszenie bezpiecze\u0144stwa podczas austriackiej prezydencji w UE.<br \/>\nKontrole graniczne potrwaj\u0105 <b>od 9 do 13 lipca  i od 17 do 21 wrze\u015bnia<\/b><\/p>\n","protected":false},"excerpt":{"rendered":"<p>W lipcu i wrze\u015bniu Austria zamierza wprowadzi\u0107 tymczasowe kontrole na kilku przej\u015bciach granicznych do Niemiec i W\u0142och. Dzia\u0142ania te zosta\u0142y zaplanowane ju\u017c dawno i maj\u0105 na celu zwi\u0119kszenie bezpiecze\u0144stwa podczas austriackiej prezydencji w UE. Kontrole graniczne potrwaj\u0105 od 9 do 13 lipca i od 17 do 21 wrze\u015bnia<\/p>\n","protected":false},"author":0,"featured_media":7508,"comment_status":"open","ping_status":"open","sticky":false,"template":"","format":"standard","meta":[],"categories":[1],"tags":[],"_links":{"self":[{"href":"http:\/\/avicegroup.com\/pl\/wp-json\/wp\/v2\/posts\/7507"}],"collection":[{"href":"http:\/\/avicegroup.com\/pl\/wp-json\/wp\/v2\/posts"}],"about":[{"href":"http:\/\/avicegroup.com\/pl\/wp-json\/wp\/v2\/types\/post"}],"replies":[{"embeddable":true,"href":"http:\/\/avicegroup.com\/pl\/wp-json\/wp\/v2\/comments?post=7507"}],"version-history":[{"count":0,"href":"http:\/\/avicegroup.com\/pl\/wp-json\/wp\/v2\/posts\/7507\/revisions"}],"wp:featuredmedia":[{"embeddable":true,"href":"http:\/\/avicegroup.com\/pl\/wp-json\/wp\/v2\/media\/7508"}],"wp:attachment":[{"href":"http:\/\/avicegroup.com\/pl\/wp-json\/wp\/v2\/media?parent=7507"}],"wp:term":[{"taxonomy":"category","embeddable":true,"href":"http:\/\/avicegroup.com\/pl\/wp-json\/wp\/v2\/categories?post=7507"},{"taxonomy":"post_tag","embeddable":true,"href":"http:\/\/avicegroup.com\/pl\/wp-json\/wp\/v2\/tags?post=7507"}],"curies":[{"name":"wp","href":"https:\/\/api.w.org\/{rel}","templated":true}]}}