{"id":7472,"date":"2022-05-06T16:08:20","date_gmt":"2022-05-06T16:08:20","guid":{"rendered":"http:\/\/news.240.html"},"modified":"2022-05-06T16:08:20","modified_gmt":"2022-05-06T16:08:20","slug":"nowe-stawki-myta-w-belgii-juz-obowiazuja","status":"publish","type":"post","link":"http:\/\/avicegroup.com\/pl\/nowe-stawki-myta-w-belgii-juz-obowiazuja\/","title":{"rendered":"Nowe stawki myta w Belgii ju\u017c obowi\u0105zuj\u0105"},"content":{"rendered":"<h1 class=\"ui header\">\n<div class=\"sub header\">Od 1 lipca 2018 roku op\u0142aty za przejazdy belgijskimi drogami zosta\u0142y podwy\u017cszone.<\/div>\n<\/h1>\n<p style=\"font-size:1.1rem\">Zgodnie z obowi\u0105zuj\u0105cym aktualnie cennikiem belgijskiego system poboru op\u0142at drogowych ViaPass, stawki za km przedstawiaj\u0105 si\u0119 obecnie nast\u0119puj\u0105co:<br \/>\n<img src=\"http:\/\/etransport.pl\/foto,1,45416,600.jpg\" alt=\"\" class=\"ui centered image\" \/><i>\u0179r\u00f3d\u0142o: Kancelaria Transportowa Koben<\/i><\/p>\n","protected":false},"excerpt":{"rendered":"<p>Od 1 lipca 2018 roku op\u0142aty za przejazdy belgijskimi drogami zosta\u0142y podwy\u017cszone. Zgodnie z obowi\u0105zuj\u0105cym aktualnie cennikiem belgijskiego system poboru op\u0142at drogowych ViaPass, stawki za km przedstawiaj\u0105 si\u0119 obecnie nast\u0119puj\u0105co: \u0179r\u00f3d\u0142o: Kancelaria Transportowa Koben<\/p>\n","protected":false},"author":0,"featured_media":7473,"comment_status":"open","ping_status":"open","sticky":false,"template":"","format":"standard","meta":[],"categories":[1],"tags":[],"_links":{"self":[{"href":"http:\/\/avicegroup.com\/pl\/wp-json\/wp\/v2\/posts\/7472"}],"collection":[{"href":"http:\/\/avicegroup.com\/pl\/wp-json\/wp\/v2\/posts"}],"about":[{"href":"http:\/\/avicegroup.com\/pl\/wp-json\/wp\/v2\/types\/post"}],"replies":[{"embeddable":true,"href":"http:\/\/avicegroup.com\/pl\/wp-json\/wp\/v2\/comments?post=7472"}],"version-history":[{"count":0,"href":"http:\/\/avicegroup.com\/pl\/wp-json\/wp\/v2\/posts\/7472\/revisions"}],"wp:featuredmedia":[{"embeddable":true,"href":"http:\/\/avicegroup.com\/pl\/wp-json\/wp\/v2\/media\/7473"}],"wp:attachment":[{"href":"http:\/\/avicegroup.com\/pl\/wp-json\/wp\/v2\/media?parent=7472"}],"wp:term":[{"taxonomy":"category","embeddable":true,"href":"http:\/\/avicegroup.com\/pl\/wp-json\/wp\/v2\/categories?post=7472"},{"taxonomy":"post_tag","embeddable":true,"href":"http:\/\/avicegroup.com\/pl\/wp-json\/wp\/v2\/tags?post=7472"}],"curies":[{"name":"wp","href":"https:\/\/api.w.org\/{rel}","templated":true}]}}