{"id":7432,"date":"2022-05-06T16:08:14","date_gmt":"2022-05-06T16:08:14","guid":{"rendered":"http:\/\/news.248.html"},"modified":"2022-05-06T16:08:14","modified_gmt":"2022-05-06T16:08:14","slug":"niemcy-chca-zniesienia-regionalnych-zakazow-ruchu-w-dni-swiateczne","status":"publish","type":"post","link":"http:\/\/avicegroup.com\/pl\/niemcy-chca-zniesienia-regionalnych-zakazow-ruchu-w-dni-swiateczne\/","title":{"rendered":"Niemcy chc\u0105 zniesienia regionalnych zakaz\u00f3w ruchu w dni \u015bwi\u0105teczne"},"content":{"rendered":"<h1 class=\"ui header\">\n<div class=\"sub header\">Federacja Przemys\u0142u Transportowego Dolnej Saksonii (GVN) domaga si\u0119, aby \u015bwi\u0105teczne zakazy ruchu, kt\u00f3re nie maj\u0105 zasi\u0119gu og\u00f3lnokrajowego zosta\u0142y zniesione.<\/div>\n<\/h1>\n<p style=\"font-size:1.1rem\">W swoim komunikacie GVN podaje przyk\u0142ad Dnia Reformacji, kt\u00f3ry og\u0142oszony zosta\u0142 dniem \u015bwi\u0105tecznym w Dolnej Saksonii, co stanowi powa\u017cny problem gospodarczy dla wszystkich firm bran\u017cy transportowej. W takich wypadkach nast\u0119puje przerwanie ruchu \u0142adunk\u00f3w na granicach mi\u0119dzy landami i niepotrzebne przestoje ci\u0119\u017car\u00f3wek na zat\u0142oczonych parkingach.<\/p>\n<p>W rozporz\u0105dzeniu nie uwzgl\u0119dniono faktu, \u017ce w s\u0105siednich landach (Nadrenii P\u00f3\u0142nocnej-Westfalii i Hesji), przez kt\u00f3re przebiegaj\u0105 bardzo ruchliwe autostrady A2 i A7, Dzie\u0144 Reformacji nie jest \u015bwi\u0119tem. Natomiast w Nadrenii P\u00f3\u0142nocnej-Westfalii (jak i w kilku innych landach) dniem \u015bwi\u0105tecznym jest 1 listopada, Dzie\u0144 Wszystkich \u015awi\u0119tych. Dla sakso\u0144skich firm transportowych oznacza to 2 dni przestoju &#8211; 31 pa\u017adziernika zakaz poruszania si\u0119 w Dolnej Saksonii a 1 listopada w Nadrenii P\u00f3\u0142nocnej-Westfalii.<br \/>\nDolna Saksonia, b\u0119d\u0105ca landem tranzytowym i logistycznym sercem Europy, nie mo\u017ce sobie pozwoli\u0107 na tego typu rozwi\u0105zania.<\/p>\n<p>Z tego powodu GVN domaga si\u0119, aby rz\u0105d Dolnej Saksonii zwr\u00f3ci\u0142 si\u0119 do rz\u0105du federalnego z wnioskiem o ca\u0142kowite i trwa\u0142e zniesienie zakaz\u00f3w dla ruchu ci\u0119\u017carowego obowi\u0105zuj\u0105cych w trzy dni \u015bwi\u0105teczne o charakterze regionalnym (Bo\u017ce Cia\u0142o, Dzie\u0144 Reformacji oraz Wszystkich \u015awi\u0119tych).<\/p>\n","protected":false},"excerpt":{"rendered":"<p>Federacja Przemys\u0142u Transportowego Dolnej Saksonii (GVN) domaga si\u0119, aby \u015bwi\u0105teczne zakazy ruchu, kt\u00f3re nie maj\u0105 zasi\u0119gu og\u00f3lnokrajowego zosta\u0142y zniesione. W swoim komunikacie GVN podaje przyk\u0142ad Dnia Reformacji, kt\u00f3ry og\u0142oszony zosta\u0142 dniem \u015bwi\u0105tecznym w Dolnej Saksonii, co stanowi powa\u017cny problem gospodarczy dla wszystkich firm bran\u017cy transportowej. W takich wypadkach nast\u0119puje przerwanie ruchu \u0142adunk\u00f3w na granicach mi\u0119dzy [&hellip;]<\/p>\n","protected":false},"author":0,"featured_media":7433,"comment_status":"open","ping_status":"open","sticky":false,"template":"","format":"standard","meta":[],"categories":[1],"tags":[],"_links":{"self":[{"href":"http:\/\/avicegroup.com\/pl\/wp-json\/wp\/v2\/posts\/7432"}],"collection":[{"href":"http:\/\/avicegroup.com\/pl\/wp-json\/wp\/v2\/posts"}],"about":[{"href":"http:\/\/avicegroup.com\/pl\/wp-json\/wp\/v2\/types\/post"}],"replies":[{"embeddable":true,"href":"http:\/\/avicegroup.com\/pl\/wp-json\/wp\/v2\/comments?post=7432"}],"version-history":[{"count":0,"href":"http:\/\/avicegroup.com\/pl\/wp-json\/wp\/v2\/posts\/7432\/revisions"}],"wp:featuredmedia":[{"embeddable":true,"href":"http:\/\/avicegroup.com\/pl\/wp-json\/wp\/v2\/media\/7433"}],"wp:attachment":[{"href":"http:\/\/avicegroup.com\/pl\/wp-json\/wp\/v2\/media?parent=7432"}],"wp:term":[{"taxonomy":"category","embeddable":true,"href":"http:\/\/avicegroup.com\/pl\/wp-json\/wp\/v2\/categories?post=7432"},{"taxonomy":"post_tag","embeddable":true,"href":"http:\/\/avicegroup.com\/pl\/wp-json\/wp\/v2\/tags?post=7432"}],"curies":[{"name":"wp","href":"https:\/\/api.w.org\/{rel}","templated":true}]}}