{"id":7402,"date":"2022-05-06T16:08:10","date_gmt":"2022-05-06T16:08:10","guid":{"rendered":"http:\/\/news.254.html"},"modified":"2022-05-06T16:08:10","modified_gmt":"2022-05-06T16:08:10","slug":"tyrol-zwieksza-liczbe-blokad-dla-ciezarowek-harmonogram-na-2019-rok","status":"publish","type":"post","link":"http:\/\/avicegroup.com\/pl\/tyrol-zwieksza-liczbe-blokad-dla-ciezarowek-harmonogram-na-2019-rok\/","title":{"rendered":"Tyrol zwi\u0119ksza liczb\u0119 blokad dla ci\u0119\u017car\u00f3wek &#8211; harmonogram na 2019 rok"},"content":{"rendered":"<h1 class=\"ui header\">\n<div class=\"sub header\">Mi\u0119dzy styczniem a czerwcem przewiduje si\u0119 17 dni, w kt\u00f3rych w godzinach od 5:00 do 12:00 granic\u0119 niemiecko-austriack\u0105 b\u0119dzie mog\u0142o przekroczy\u0107 maksymalnie 250 do 300 samochod\u00f3w ci\u0119\u017carowych na godzin\u0119.<\/div>\n<\/h1>\n<p style=\"font-size:1.1rem\">To o 4 dni wi\u0119cej ni\u017c w pierwszej po\u0142owie bie\u017c\u0105cego roku. Ograniczenia wyst\u0119puj\u0105 w okolicach \u015bwi\u0119ta Wniebowst\u0105pienia, Zes\u0142ania Ducha \u015awi\u0119tego i Bo\u017cego Cia\u0142a. <b>\u0141\u0105cznie w przysz\u0142ym roku nale\u017cy si\u0119 spodziewa\u0107 co najmniej 30 dni, w kt\u00f3rych obowi\u0105zywa\u0107 b\u0119dzie dawkowanie ruchu ci\u0119\u017carowego.<\/b> Dla por\u00f3wnania, w roku 2018 ograniczenia tego typu zaplanowano jedynie na 26 dni.<\/p>\n<p><b>Harmonogram na pierwsze p\u00f3\u0142rocze 2019 roku:<\/b><br \/>\n&#8211; stycze\u0144: 07<br \/>\n&#8211; kwiecie\u0144: 24, 26, 29<br \/>\n&#8211; maj: 02, 27, 28, 29, 31<br \/>\n&#8211; czerwiec: 06, 11, 12, 13, 17, 18, 19, 21.<\/p>\n","protected":false},"excerpt":{"rendered":"<p>Mi\u0119dzy styczniem a czerwcem przewiduje si\u0119 17 dni, w kt\u00f3rych w godzinach od 5:00 do 12:00 granic\u0119 niemiecko-austriack\u0105 b\u0119dzie mog\u0142o przekroczy\u0107 maksymalnie 250 do 300 samochod\u00f3w ci\u0119\u017carowych na godzin\u0119. To o 4 dni wi\u0119cej ni\u017c w pierwszej po\u0142owie bie\u017c\u0105cego roku. Ograniczenia wyst\u0119puj\u0105 w okolicach \u015bwi\u0119ta Wniebowst\u0105pienia, Zes\u0142ania Ducha \u015awi\u0119tego i Bo\u017cego Cia\u0142a. \u0141\u0105cznie w przysz\u0142ym [&hellip;]<\/p>\n","protected":false},"author":0,"featured_media":7403,"comment_status":"open","ping_status":"open","sticky":false,"template":"","format":"standard","meta":[],"categories":[1],"tags":[],"_links":{"self":[{"href":"http:\/\/avicegroup.com\/pl\/wp-json\/wp\/v2\/posts\/7402"}],"collection":[{"href":"http:\/\/avicegroup.com\/pl\/wp-json\/wp\/v2\/posts"}],"about":[{"href":"http:\/\/avicegroup.com\/pl\/wp-json\/wp\/v2\/types\/post"}],"replies":[{"embeddable":true,"href":"http:\/\/avicegroup.com\/pl\/wp-json\/wp\/v2\/comments?post=7402"}],"version-history":[{"count":0,"href":"http:\/\/avicegroup.com\/pl\/wp-json\/wp\/v2\/posts\/7402\/revisions"}],"wp:featuredmedia":[{"embeddable":true,"href":"http:\/\/avicegroup.com\/pl\/wp-json\/wp\/v2\/media\/7403"}],"wp:attachment":[{"href":"http:\/\/avicegroup.com\/pl\/wp-json\/wp\/v2\/media?parent=7402"}],"wp:term":[{"taxonomy":"category","embeddable":true,"href":"http:\/\/avicegroup.com\/pl\/wp-json\/wp\/v2\/categories?post=7402"},{"taxonomy":"post_tag","embeddable":true,"href":"http:\/\/avicegroup.com\/pl\/wp-json\/wp\/v2\/tags?post=7402"}],"curies":[{"name":"wp","href":"https:\/\/api.w.org\/{rel}","templated":true}]}}