{"id":7232,"date":"2022-05-06T16:07:47","date_gmt":"2022-05-06T16:07:47","guid":{"rendered":"http:\/\/news.288.html"},"modified":"2022-05-06T16:07:47","modified_gmt":"2022-05-06T16:07:47","slug":"wkrotce-wzrosna-oplaty-za-przejazd-wloska-autostrada-a22","status":"publish","type":"post","link":"http:\/\/avicegroup.com\/pl\/wkrotce-wzrosna-oplaty-za-przejazd-wloska-autostrada-a22\/","title":{"rendered":"Wkr\u00f3tce wzrosn\u0105 op\u0142aty za przejazd w\u0142osk\u0105 autostrad\u0105 A22"},"content":{"rendered":"<h1 class=\"ui header\">\n<div class=\"sub header\">W ci\u0105gu kilku najbli\u017cszych kilku dni w\u0142oski minister podpisze koncesj\u0119 na autostrad\u0119 Brennero, umo\u017cliwiaj\u0105c przejazd po niej samochodom ci\u0119\u017carowym i wprowadzaj\u0105c zakaz tranzytu na drodze krajowej nr 12.<\/div>\n<\/h1>\n<p style=\"font-size:1.1rem\">Jednym z pierwszych \u015brodk\u00f3w, kt\u00f3re zostan\u0105 wdro\u017cone przez now\u0105 sp\u00f3\u0142k\u0119 autostradow\u0105, b\u0119dzie wprowadzenie op\u0142aty za przejazd lub dodatku, kt\u00f3ry b\u0119d\u0105 musia\u0142y zap\u0142aci\u0107 za przejazd autostrad\u0105 samochody ci\u0119\u017carowe. I aby unikn\u0105\u0107 przekierowania ci\u0119\u017ckiego transportu na r\u00f3wnoleg\u0142\u0105  drog\u0119 nr 12, kt\u00f3ra prowadzi do prze\u0142\u0119czy Brennero, zarz\u0105d prowincji postanowi\u0142 wprowadzi\u0107 zakaz wzd\u0142u\u017c tej arterii w regionie Alto Adige.<\/p>\n","protected":false},"excerpt":{"rendered":"<p>W ci\u0105gu kilku najbli\u017cszych kilku dni w\u0142oski minister podpisze koncesj\u0119 na autostrad\u0119 Brennero, umo\u017cliwiaj\u0105c przejazd po niej samochodom ci\u0119\u017carowym i wprowadzaj\u0105c zakaz tranzytu na drodze krajowej nr 12. Jednym z pierwszych \u015brodk\u00f3w, kt\u00f3re zostan\u0105 wdro\u017cone przez now\u0105 sp\u00f3\u0142k\u0119 autostradow\u0105, b\u0119dzie wprowadzenie op\u0142aty za przejazd lub dodatku, kt\u00f3ry b\u0119d\u0105 musia\u0142y zap\u0142aci\u0107 za przejazd autostrad\u0105 samochody ci\u0119\u017carowe. [&hellip;]<\/p>\n","protected":false},"author":0,"featured_media":7233,"comment_status":"open","ping_status":"open","sticky":false,"template":"","format":"standard","meta":[],"categories":[1],"tags":[],"_links":{"self":[{"href":"http:\/\/avicegroup.com\/pl\/wp-json\/wp\/v2\/posts\/7232"}],"collection":[{"href":"http:\/\/avicegroup.com\/pl\/wp-json\/wp\/v2\/posts"}],"about":[{"href":"http:\/\/avicegroup.com\/pl\/wp-json\/wp\/v2\/types\/post"}],"replies":[{"embeddable":true,"href":"http:\/\/avicegroup.com\/pl\/wp-json\/wp\/v2\/comments?post=7232"}],"version-history":[{"count":0,"href":"http:\/\/avicegroup.com\/pl\/wp-json\/wp\/v2\/posts\/7232\/revisions"}],"wp:featuredmedia":[{"embeddable":true,"href":"http:\/\/avicegroup.com\/pl\/wp-json\/wp\/v2\/media\/7233"}],"wp:attachment":[{"href":"http:\/\/avicegroup.com\/pl\/wp-json\/wp\/v2\/media?parent=7232"}],"wp:term":[{"taxonomy":"category","embeddable":true,"href":"http:\/\/avicegroup.com\/pl\/wp-json\/wp\/v2\/categories?post=7232"},{"taxonomy":"post_tag","embeddable":true,"href":"http:\/\/avicegroup.com\/pl\/wp-json\/wp\/v2\/tags?post=7232"}],"curies":[{"name":"wp","href":"https:\/\/api.w.org\/{rel}","templated":true}]}}