{"id":7187,"date":"2022-05-06T16:07:41","date_gmt":"2022-05-06T16:07:41","guid":{"rendered":"http:\/\/news.297.html"},"modified":"2022-05-06T16:07:41","modified_gmt":"2022-05-06T16:07:41","slug":"zakaz-ruchu-dla-ciezarowek-na-autostradzie-przez-przelecz-brenner","status":"publish","type":"post","link":"http:\/\/avicegroup.com\/pl\/zakaz-ruchu-dla-ciezarowek-na-autostradzie-przez-przelecz-brenner\/","title":{"rendered":"Zakaz ruchu dla ci\u0119\u017car\u00f3wek na autostradzie przez prze\u0142\u0119cz Brenner"},"content":{"rendered":"<h1 class=\"ui header\">\n<div class=\"sub header\">Zgodnie z informacj\u0105 przekazan\u0105 przez okr\u0119gow\u0105 komend\u0119 policji w Bolzano, zakaz jazdy dla samochod\u00f3w ci\u0119\u017carowych o masie ca\u0142kowitej powy\u017cej 7,5 t. na odcinkach autostrad A12\/A13 od Vipiteno\/Sterzing do granicy w\u0142osko-austriackiej w kierunku p\u00f3\u0142nocnym, obowi\u0105zywa\u0107 b\u0119dzie 26 pa\u017adziernika w godzinach od 0:00 do 22:00 do granicy w\u0142osko-austriackiej wy\u0142\u0105cznie w kierunku p\u00f3\u0142nocnym.<\/div>\n<\/h1>\n<p style=\"font-size:1.1rem\">W zwi\u0105zku z tym <b>pojazdy ci\u0119\u017carowe<\/b> znajduj\u0105ce si\u0119 w drodze na wspomnianym odcinku autostrady na terenie prowincji Bolzano w okresie obowi\u0105zywania zakazu <b>powinny zatrzyma\u0107 si\u0119 na parkingu w Vipiteno\/Sterzing lub na innych wyznaczonych miejscach parkingowych wzd\u0142u\u017c autostrady znajduj\u0105cych si\u0119 na terenie gminy lub na parkingach wskazanych przez policj\u0119 drogow\u0105.<\/b><\/p>\n","protected":false},"excerpt":{"rendered":"<p>Zgodnie z informacj\u0105 przekazan\u0105 przez okr\u0119gow\u0105 komend\u0119 policji w Bolzano, zakaz jazdy dla samochod\u00f3w ci\u0119\u017carowych o masie ca\u0142kowitej powy\u017cej 7,5 t. na odcinkach autostrad A12\/A13 od Vipiteno\/Sterzing do granicy w\u0142osko-austriackiej w kierunku p\u00f3\u0142nocnym, obowi\u0105zywa\u0107 b\u0119dzie 26 pa\u017adziernika w godzinach od 0:00 do 22:00 do granicy w\u0142osko-austriackiej wy\u0142\u0105cznie w kierunku p\u00f3\u0142nocnym. W zwi\u0105zku z tym pojazdy [&hellip;]<\/p>\n","protected":false},"author":0,"featured_media":7188,"comment_status":"open","ping_status":"open","sticky":false,"template":"","format":"standard","meta":[],"categories":[1],"tags":[],"_links":{"self":[{"href":"http:\/\/avicegroup.com\/pl\/wp-json\/wp\/v2\/posts\/7187"}],"collection":[{"href":"http:\/\/avicegroup.com\/pl\/wp-json\/wp\/v2\/posts"}],"about":[{"href":"http:\/\/avicegroup.com\/pl\/wp-json\/wp\/v2\/types\/post"}],"replies":[{"embeddable":true,"href":"http:\/\/avicegroup.com\/pl\/wp-json\/wp\/v2\/comments?post=7187"}],"version-history":[{"count":0,"href":"http:\/\/avicegroup.com\/pl\/wp-json\/wp\/v2\/posts\/7187\/revisions"}],"wp:featuredmedia":[{"embeddable":true,"href":"http:\/\/avicegroup.com\/pl\/wp-json\/wp\/v2\/media\/7188"}],"wp:attachment":[{"href":"http:\/\/avicegroup.com\/pl\/wp-json\/wp\/v2\/media?parent=7187"}],"wp:term":[{"taxonomy":"category","embeddable":true,"href":"http:\/\/avicegroup.com\/pl\/wp-json\/wp\/v2\/categories?post=7187"},{"taxonomy":"post_tag","embeddable":true,"href":"http:\/\/avicegroup.com\/pl\/wp-json\/wp\/v2\/tags?post=7187"}],"curies":[{"name":"wp","href":"https:\/\/api.w.org\/{rel}","templated":true}]}}