{"id":7002,"date":"2022-05-06T16:07:16","date_gmt":"2022-05-06T16:07:16","guid":{"rendered":"http:\/\/news.335.html"},"modified":"2022-05-06T16:07:16","modified_gmt":"2022-05-06T16:07:16","slug":"madryt-ograniczenia-ruchu-do-7-stycznia-2019r","status":"publish","type":"post","link":"http:\/\/avicegroup.com\/pl\/madryt-ograniczenia-ruchu-do-7-stycznia-2019r\/","title":{"rendered":"Madryt: ograniczenia ruchu do 7 stycznia 2019r."},"content":{"rendered":"<h1 class=\"ui header\">\n<div class=\"sub header\">Od 23.11.2018r. do 7.01.2019r., pojazdy ci\u0119\u017carowe o masie ponad 3,5 ton nie b\u0119d\u0105 mog\u0142y porusza\u0107 si\u0119 ulic\u0105 Gran V\u00eda (od Plaza de Espa\u00f1a do skrzy\u017cowania z Calle Alcal\u00e1). Jednocze\u015bnie, w godzinach od 11:00 do 23:00 na ulicach Aduana oraz na Jardines b\u0119dzie obowi\u0105zywa\u0142 ca\u0142kowity zakaz ruchu wszystkich pojazd\u00f3w (z wyj\u0105tkiem mieszka\u0144c\u00f3w i pojazd\u00f3w zaopatrzenia).<\/div>\n<\/h1>\n<p style=\"font-size:1.1rem\">W zwi\u0105zku ze zbli\u017caj\u0105cym si\u0119 okresem \u015bwi\u0105tecznym, Rada Miejska Madrytu po raz kolejny postanowi\u0142a wprowadzi\u0107 specjalne ograniczenia ruchu w centrum stolicy. <b>30 listopada br. zostanie otwarta Strefa Niskiej Emisji w centrum Madrytu,<\/b> obszar o powierzchni 472 hektar\u00f3w, przeznaczony przede wszystkim dla cel\u00f3w mieszkaniowych, w kt\u00f3rym rol\u0119 priorytetow\u0105 ma odgrywa\u0107 mobilno\u015b\u0107 pieszych i rowerzyst\u00f3w oraz transport publiczny. W zwi\u0105zku z powy\u017cszym, od tego dnia na terenie strefy obowi\u0105zywa\u0107 b\u0119d\u0105 ograniczenia ruchu i parkowania.<\/p>\n<h3>Ograniczenia w ruchu dla pojazd\u00f3w ci\u0119\u017carowych<\/h3>\n<p>Od 23.11.2018 do 7.01.2019, pojazdy ci\u0119\u017carowe o masie ponad 3,5 ton nie b\u0119d\u0105 mog\u0142y porusza\u0107 si\u0119 ulic\u0105 Gran V\u00eda (od Plaza de Espa\u00f1a do skrzy\u017cowania z Calle Alcal\u00e1). Jednocze\u015bnie, w godzinach od 11:00 do 23:00 na ulicy Aduana oraz na ulicy Jardines b\u0119dzie obowi\u0105zywa\u0142 ca\u0142kowity zakaz ruchu wszystkich pojazd\u00f3w (z wyj\u0105tkiem mieszka\u0144c\u00f3w i pojazd\u00f3w zaopatrzenia).<\/p>\n<p><b>W zwi\u0105zku z powy\u017cszym, za\u0142adunek i roz\u0142adunek towar\u00f3w na ulicy Gran V\u00eda musi odbywa\u0107 si\u0119 wy\u0142\u0105cznie mi\u0119dzy godz. 23:00 a 11:00, natomiast na ulicach Aduana i Jardines mi\u0119dzy godzin\u0105 8 a 13:00.<\/b><\/p>\n<h3>Z czasowego zakazu ruchu zwolnione s\u0105:<\/h3>\n<p>\u2022\tautobusy Miejskiego Przedsi\u0119biorstwa Transportowego,<br \/>\n\u2022\tautobusy transportu turystycznego dzia\u0142aj\u0105ce na podstawie koncesji miejskiej, z ustalon\u0105 tras\u0105 i rozk\u0142adem jazdy,<br \/>\n\u2022\tspecjalne autobusy turystyczne Rady Miasta Madrytu,<br \/>\n\u2022\twozy transmisyjne ekip telewizyjnych.<\/p>\n<p>Inne pojazdy, nie uwzgl\u0119dnione w wykazie zwolnie\u0144 mog\u0105 uzyska\u0107 zgod\u0119 Komendy Miejskiej Policji w wyj\u0105tkowych przypadkach.<\/p>\n","protected":false},"excerpt":{"rendered":"<p>Od 23.11.2018r. do 7.01.2019r., pojazdy ci\u0119\u017carowe o masie ponad 3,5 ton nie b\u0119d\u0105 mog\u0142y porusza\u0107 si\u0119 ulic\u0105 Gran V\u00eda (od Plaza de Espa\u00f1a do skrzy\u017cowania z Calle Alcal\u00e1). Jednocze\u015bnie, w godzinach od 11:00 do 23:00 na ulicach Aduana oraz na Jardines b\u0119dzie obowi\u0105zywa\u0142 ca\u0142kowity zakaz ruchu wszystkich pojazd\u00f3w (z wyj\u0105tkiem mieszka\u0144c\u00f3w i pojazd\u00f3w zaopatrzenia). W [&hellip;]<\/p>\n","protected":false},"author":0,"featured_media":7003,"comment_status":"open","ping_status":"open","sticky":false,"template":"","format":"standard","meta":[],"categories":[1],"tags":[],"_links":{"self":[{"href":"http:\/\/avicegroup.com\/pl\/wp-json\/wp\/v2\/posts\/7002"}],"collection":[{"href":"http:\/\/avicegroup.com\/pl\/wp-json\/wp\/v2\/posts"}],"about":[{"href":"http:\/\/avicegroup.com\/pl\/wp-json\/wp\/v2\/types\/post"}],"replies":[{"embeddable":true,"href":"http:\/\/avicegroup.com\/pl\/wp-json\/wp\/v2\/comments?post=7002"}],"version-history":[{"count":0,"href":"http:\/\/avicegroup.com\/pl\/wp-json\/wp\/v2\/posts\/7002\/revisions"}],"wp:featuredmedia":[{"embeddable":true,"href":"http:\/\/avicegroup.com\/pl\/wp-json\/wp\/v2\/media\/7003"}],"wp:attachment":[{"href":"http:\/\/avicegroup.com\/pl\/wp-json\/wp\/v2\/media?parent=7002"}],"wp:term":[{"taxonomy":"category","embeddable":true,"href":"http:\/\/avicegroup.com\/pl\/wp-json\/wp\/v2\/categories?post=7002"},{"taxonomy":"post_tag","embeddable":true,"href":"http:\/\/avicegroup.com\/pl\/wp-json\/wp\/v2\/tags?post=7002"}],"curies":[{"name":"wp","href":"https:\/\/api.w.org\/{rel}","templated":true}]}}