{"id":6987,"date":"2022-05-06T16:07:14","date_gmt":"2022-05-06T16:07:14","guid":{"rendered":"http:\/\/news.339.html"},"modified":"2022-05-06T16:07:14","modified_gmt":"2022-05-06T16:07:14","slug":"od-1-stycznia-wzrosna-oplaty-drogowe-w-niemczech","status":"publish","type":"post","link":"http:\/\/avicegroup.com\/pl\/od-1-stycznia-wzrosna-oplaty-drogowe-w-niemczech\/","title":{"rendered":"Od 1 stycznia wzrosn\u0105 op\u0142aty drogowe w Niemczech"},"content":{"rendered":"<h1 class=\"ui header\">\n<div class=\"sub header\">Nowe stawki op\u0142at maj\u0105 uwzgl\u0119dnia\u0107 koszty zwi\u0105zane z ha\u0142asem i zanieczyszczeniem powietrza.<\/div>\n<\/h1>\n<p style=\"font-size:1.1rem\">23 listopada Rada Federalna (Bundesrat) zatwierdzi\u0142a postanowienie Bundestagu przyj\u0119te w dniu 2 listopada. <\/p>\n<p><b>Ci\u0119\u017car\u00f3wki z nap\u0119dem elektrycznym s\u0105 zwolnione z op\u0142aty<\/b>. Aby bardziej precyzyjnie odzwierciedla\u0107 stopie\u0144 obci\u0105\u017cenia infrastruktury drogowej, dotychczas stosowany podzia\u0142 na kategorie w zale\u017cno\u015bci od ilo\u015bci osi b\u0119dzie teraz dodatkowo uwzgl\u0119dnia\u0142 kategorie wagowe. <b>Nowy system przewiduje ni\u017csze stawki dla l\u017cejszych pojazd\u00f3w dostawczych o dopuszczalnej masie ca\u0142kowitej od 7,5 do 18 ton<\/b> i z pewno\u015bci\u0105 przyniesie korzy\u015bci ma\u0142ych firmom rzemie\u015blniczym.<\/p>\n<p><b>Ci\u0119\u017car\u00f3wki nap\u0119dzane gazem ziemnym s\u0105 zwolnione z op\u0142at za przejazd do 2020 r., podobnie jak pojazdy rolnicze i le\u015bne o maksymalnej pr\u0119dko\u015bci konstrukcyjnej do 40 km\/h<\/b>. Wyj\u0105tek ten zosta\u0142 wprowadzony na wniosek Bundesratu przedstawiony w oficjalnym stanowisku na temat pierwotnego projektu rz\u0105dowego. <\/p>\n<p>W okresie 2019-2022 federalne Ministerstwo Transportu przewiduje dodatkowe wp\u0142ywy z tytu\u0142u op\u0142at w wysoko\u015bci prawie 4,2 mld EUR, kt\u00f3re maj\u0105 by\u0107 przeznaczone s\u0105 na inwestycje w popraw\u0119 infrastruktury drogowej. To o 2,5 mld euro wi\u0119cej ni\u017c do tej pory. <b>1 lipca 2018 roku op\u0142ata drogowa, obowi\u0105zuj\u0105ca dotychczas jedynie na autostradach i oko\u0142o 2300 km dr\u00f3g federalnych, zosta\u0142a rozszerzona na ca\u0142\u0105 sie\u0107 dr\u00f3g federalnych o \u0142\u0105cznej d\u0142ugo\u015bci 39.000 km. <\/b><\/p>\n<p>Ustawa czeka jeszcze tylko na podpis prezydenta federalnego i po jej opublikowaniu w Federalnym Dzienniku Ustaw b\u0119dzie mog\u0142a wej\u015b\u0107 w \u017cycie od 1 stycznia 2019 roku. Ustawa nak\u0142ada r\u00f3wnie\u017c nowe obowi\u0105zki na kierowc\u00f3w je\u017celi chodzi o zakres informacji, jakie nale\u017cy wprowadzi\u0107 w urz\u0105dzeniach pok\u0142adowych.<\/p>\n","protected":false},"excerpt":{"rendered":"<p>Nowe stawki op\u0142at maj\u0105 uwzgl\u0119dnia\u0107 koszty zwi\u0105zane z ha\u0142asem i zanieczyszczeniem powietrza. 23 listopada Rada Federalna (Bundesrat) zatwierdzi\u0142a postanowienie Bundestagu przyj\u0119te w dniu 2 listopada. Ci\u0119\u017car\u00f3wki z nap\u0119dem elektrycznym s\u0105 zwolnione z op\u0142aty. Aby bardziej precyzyjnie odzwierciedla\u0107 stopie\u0144 obci\u0105\u017cenia infrastruktury drogowej, dotychczas stosowany podzia\u0142 na kategorie w zale\u017cno\u015bci od ilo\u015bci osi b\u0119dzie teraz dodatkowo uwzgl\u0119dnia\u0142 [&hellip;]<\/p>\n","protected":false},"author":0,"featured_media":6988,"comment_status":"open","ping_status":"open","sticky":false,"template":"","format":"standard","meta":[],"categories":[1],"tags":[],"_links":{"self":[{"href":"http:\/\/avicegroup.com\/pl\/wp-json\/wp\/v2\/posts\/6987"}],"collection":[{"href":"http:\/\/avicegroup.com\/pl\/wp-json\/wp\/v2\/posts"}],"about":[{"href":"http:\/\/avicegroup.com\/pl\/wp-json\/wp\/v2\/types\/post"}],"replies":[{"embeddable":true,"href":"http:\/\/avicegroup.com\/pl\/wp-json\/wp\/v2\/comments?post=6987"}],"version-history":[{"count":0,"href":"http:\/\/avicegroup.com\/pl\/wp-json\/wp\/v2\/posts\/6987\/revisions"}],"wp:featuredmedia":[{"embeddable":true,"href":"http:\/\/avicegroup.com\/pl\/wp-json\/wp\/v2\/media\/6988"}],"wp:attachment":[{"href":"http:\/\/avicegroup.com\/pl\/wp-json\/wp\/v2\/media?parent=6987"}],"wp:term":[{"taxonomy":"category","embeddable":true,"href":"http:\/\/avicegroup.com\/pl\/wp-json\/wp\/v2\/categories?post=6987"},{"taxonomy":"post_tag","embeddable":true,"href":"http:\/\/avicegroup.com\/pl\/wp-json\/wp\/v2\/tags?post=6987"}],"curies":[{"name":"wp","href":"https:\/\/api.w.org\/{rel}","templated":true}]}}