{"id":6982,"date":"2022-05-06T16:07:13","date_gmt":"2022-05-06T16:07:13","guid":{"rendered":"http:\/\/news.340.html"},"modified":"2022-05-06T16:07:13","modified_gmt":"2022-05-06T16:07:13","slug":"francja-do-5-grudnia-odsepstwa-od-zasad-czasu-prowadzenia-pojazdu-i-okresow-odpoczynku","status":"publish","type":"post","link":"http:\/\/avicegroup.com\/pl\/francja-do-5-grudnia-odsepstwa-od-zasad-czasu-prowadzenia-pojazdu-i-okresow-odpoczynku\/","title":{"rendered":"Francja &#8211; do 5 grudnia ods\u0119pstwa od zasad czasu prowadzenia pojazdu i okres\u00f3w odpoczynku"},"content":{"rendered":"<h1 class=\"ui header\">\n<div class=\"sub header\">W zwi\u0105zku z protestami &#8221;\u017c\u00f3\u0142tych kamizelek&#8221;, kt\u00f3re od d\u0142u\u017cszego czasu parali\u017cuj\u0105 ruch na francuskich drogach zdecydowano o wyd\u0142u\u017ceniu dziennego i tygodniowego czasu pracy dla kierowc\u00f3w samochod\u00f3w ci\u0119\u017carowych.<\/div>\n<\/h1>\n<p style=\"font-size:1.1rem\">Wobec takiej sytuacji rz\u0105d francuski Rozporz\u0105dzeniem z dnia 1 grudnia 2018r  ustanowi\u0142 <b>do 5 grudnia b.r.<\/b> oodst\u0119pstwa od zasad prowadzenia pojazdu i okres\u00f3w odpoczynku kierowc\u00f3w wynikaj\u0105cych z art.6 Rozporz\u0105dzenia (WE) 561\/2006.<\/p>\n<p>W tych okresach dopuszczalne jest zatem:<br \/>\n1. <b>Przekroczenie maksymalnego dziennego czasu prowadzenia pojazdu w granicach dw\u00f3ch godzin<\/b>, w drodze odst\u0119pstwa od art. 6 wy\u017cej wymienionego rozporz\u0105dzenia,<\/p>\n<p>2. <b>Przekroczenie maksymalnego tygodniowego czasu prowadzenia pojazdu w granicach sze\u015bciu godzin<\/b>, w drodze odst\u0119pstwa od art. 6 wy\u017cej wymienionego rozporz\u0105dzenia.<\/p>\n<p>W ci\u0105gu ostatnich 3 tygodni podczas protest\u00f3w ruchu &#8221;\u017c\u00f3\u0142tych kamizelek&#8221;  oraz blokad dr\u00f3g zatrzymanych zosta\u0142o tysi\u0105ce ci\u0119\u017car\u00f3wek.<\/p>\n","protected":false},"excerpt":{"rendered":"<p>W zwi\u0105zku z protestami &#8221;\u017c\u00f3\u0142tych kamizelek&#8221;, kt\u00f3re od d\u0142u\u017cszego czasu parali\u017cuj\u0105 ruch na francuskich drogach zdecydowano o wyd\u0142u\u017ceniu dziennego i tygodniowego czasu pracy dla kierowc\u00f3w samochod\u00f3w ci\u0119\u017carowych. Wobec takiej sytuacji rz\u0105d francuski Rozporz\u0105dzeniem z dnia 1 grudnia 2018r ustanowi\u0142 do 5 grudnia b.r. oodst\u0119pstwa od zasad prowadzenia pojazdu i okres\u00f3w odpoczynku kierowc\u00f3w wynikaj\u0105cych z art.6 [&hellip;]<\/p>\n","protected":false},"author":0,"featured_media":6983,"comment_status":"open","ping_status":"open","sticky":false,"template":"","format":"standard","meta":[],"categories":[1],"tags":[],"_links":{"self":[{"href":"http:\/\/avicegroup.com\/pl\/wp-json\/wp\/v2\/posts\/6982"}],"collection":[{"href":"http:\/\/avicegroup.com\/pl\/wp-json\/wp\/v2\/posts"}],"about":[{"href":"http:\/\/avicegroup.com\/pl\/wp-json\/wp\/v2\/types\/post"}],"replies":[{"embeddable":true,"href":"http:\/\/avicegroup.com\/pl\/wp-json\/wp\/v2\/comments?post=6982"}],"version-history":[{"count":0,"href":"http:\/\/avicegroup.com\/pl\/wp-json\/wp\/v2\/posts\/6982\/revisions"}],"wp:featuredmedia":[{"embeddable":true,"href":"http:\/\/avicegroup.com\/pl\/wp-json\/wp\/v2\/media\/6983"}],"wp:attachment":[{"href":"http:\/\/avicegroup.com\/pl\/wp-json\/wp\/v2\/media?parent=6982"}],"wp:term":[{"taxonomy":"category","embeddable":true,"href":"http:\/\/avicegroup.com\/pl\/wp-json\/wp\/v2\/categories?post=6982"},{"taxonomy":"post_tag","embeddable":true,"href":"http:\/\/avicegroup.com\/pl\/wp-json\/wp\/v2\/tags?post=6982"}],"curies":[{"name":"wp","href":"https:\/\/api.w.org\/{rel}","templated":true}]}}