{"id":6967,"date":"2022-05-06T16:07:11","date_gmt":"2022-05-06T16:07:11","guid":{"rendered":"http:\/\/news.343.html"},"modified":"2022-05-06T16:07:11","modified_gmt":"2022-05-06T16:07:11","slug":"od-9-grudnia-strajk-kierowcow-ciezarowek-we-francji","status":"publish","type":"post","link":"http:\/\/avicegroup.com\/pl\/od-9-grudnia-strajk-kierowcow-ciezarowek-we-francji\/","title":{"rendered":"Od 9 grudnia strajk kierowc\u00f3w ci\u0119\u017car\u00f3wek we Francji"},"content":{"rendered":"<h1 class=\"ui header\">\n<div class=\"sub header\">Nie sko\u0144czy\u0142y si\u0119 jeszcze protesty &#8216;\u017c\u00f3\u0142tych kamizelek&#8217; i zwi\u0105zany z tym chaos panuj\u0105cy na francuskich drogach, a na kierowc\u00f3w czekaj\u0105 kolejne utrudnienia.<\/div>\n<\/h1>\n<p style=\"font-size:1.1rem\">W zwi\u0105zku z obni\u017ck\u0105 stawek za nadgodziny, francuskie zwi\u0105zki zawodowe kierowc\u00f3w ci\u0119\u017car\u00f3wek CGT i FO wezwa\u0142y do strajku rotacyjnego, zwi\u0119kszaj\u0105c tym samym nacisk na prezydenta Emmanuela Macrona. <b>Zapowiadaj\u0105 oni podj\u0119cie akcji strajkowej od godziny 22:00, 9 grudnia br.<\/b> w ca\u0142ym kraju je\u015bli ich skargi nie zostan\u0105 potraktowane powa\u017cnie. <\/p>\n<p><b>G\u0142\u00f3wnym powodem niezadowolenia zwi\u0105zk\u00f3w jest decyzja s\u0105du najwy\u017cszego, kt\u00f3ry ich zdaniem poszed\u0142 na r\u0119k\u0119 dw\u00f3m organizacjom pracodawc\u00f3w i uchyli\u0142 wcze\u015bniejszy wyrok zmuszaj\u0105cy je do wyp\u0142aty wy\u017cszego wynagrodzenia za nadgodziny kierowc\u00f3w.<\/b> Zwi\u0105zki domagaj\u0105 si\u0119 spotkania z ministrem transportu.<\/p>\n<p>Je\u015bli zapowiedziany na niedziel\u0119 strajk rotacyjny rozpocznie si\u0119, trudno okre\u015bli\u0107 jego skutki dla kierowc\u00f3w. Patrz\u0105c jednak na wcze\u015bniejsze tego typu dzia\u0142ania <b>mo\u017cemy si\u0119 spodziewa\u0107 blokowania dr\u00f3g i stacji paliwowych.<\/b> <\/p>\n<p>Cho\u0107 liczba protest\u00f3w &#8216;\u017c\u00f3\u0142tych kamizelek&#8217; polegaj\u0105cych na blokowaniu wybranych dr\u00f3g znacznie spad\u0142a od 17 listopada, ich dzia\u0142alno\u015b\u0107 wci\u0105\u017c utrzymuje si\u0119 na terenie Bretanii, gdzie protestuj\u0105cy blokuj\u0105 dost\u0119p do sk\u0142ad\u00f3w paliwa, powoduj\u0105c niedobory na stacjach benzynowych, szczeg\u00f3lnie na zachodzie kraju. <\/p>\n<p>Wybieraj\u0105c si\u0119 w tras\u0119 do Francji warto skorzysta\u0107 z poni\u017cszej mapy, by wiedzie\u0107, na kt\u00f3rych stacjach brakuje paliwa:<\/p>\n","protected":false},"excerpt":{"rendered":"<p>Nie sko\u0144czy\u0142y si\u0119 jeszcze protesty &#8216;\u017c\u00f3\u0142tych kamizelek&#8217; i zwi\u0105zany z tym chaos panuj\u0105cy na francuskich drogach, a na kierowc\u00f3w czekaj\u0105 kolejne utrudnienia. W zwi\u0105zku z obni\u017ck\u0105 stawek za nadgodziny, francuskie zwi\u0105zki zawodowe kierowc\u00f3w ci\u0119\u017car\u00f3wek CGT i FO wezwa\u0142y do strajku rotacyjnego, zwi\u0119kszaj\u0105c tym samym nacisk na prezydenta Emmanuela Macrona. Zapowiadaj\u0105 oni podj\u0119cie akcji strajkowej od [&hellip;]<\/p>\n","protected":false},"author":0,"featured_media":6968,"comment_status":"open","ping_status":"open","sticky":false,"template":"","format":"standard","meta":[],"categories":[1],"tags":[],"_links":{"self":[{"href":"http:\/\/avicegroup.com\/pl\/wp-json\/wp\/v2\/posts\/6967"}],"collection":[{"href":"http:\/\/avicegroup.com\/pl\/wp-json\/wp\/v2\/posts"}],"about":[{"href":"http:\/\/avicegroup.com\/pl\/wp-json\/wp\/v2\/types\/post"}],"replies":[{"embeddable":true,"href":"http:\/\/avicegroup.com\/pl\/wp-json\/wp\/v2\/comments?post=6967"}],"version-history":[{"count":0,"href":"http:\/\/avicegroup.com\/pl\/wp-json\/wp\/v2\/posts\/6967\/revisions"}],"wp:featuredmedia":[{"embeddable":true,"href":"http:\/\/avicegroup.com\/pl\/wp-json\/wp\/v2\/media\/6968"}],"wp:attachment":[{"href":"http:\/\/avicegroup.com\/pl\/wp-json\/wp\/v2\/media?parent=6967"}],"wp:term":[{"taxonomy":"category","embeddable":true,"href":"http:\/\/avicegroup.com\/pl\/wp-json\/wp\/v2\/categories?post=6967"},{"taxonomy":"post_tag","embeddable":true,"href":"http:\/\/avicegroup.com\/pl\/wp-json\/wp\/v2\/tags?post=6967"}],"curies":[{"name":"wp","href":"https:\/\/api.w.org\/{rel}","templated":true}]}}