{"id":6957,"date":"2022-05-06T16:07:10","date_gmt":"2022-05-06T16:07:10","guid":{"rendered":"http:\/\/news.345.html"},"modified":"2022-05-06T16:07:10","modified_gmt":"2022-05-06T16:07:10","slug":"strajk-w-hiszpanii-kilometrowe-korki-na-ap7","status":"publish","type":"post","link":"http:\/\/avicegroup.com\/pl\/strajk-w-hiszpanii-kilometrowe-korki-na-ap7\/","title":{"rendered":"Strajk w Hiszpanii- kilometrowe korki na AP7"},"content":{"rendered":"<h1 class=\"ui header\">\n<div class=\"sub header\">Autostrada jest zamkni\u0119ta mi\u0119dzy miastami Figueres i Ma\u00e7anet de la Selva.<\/div>\n<\/h1>\n<p style=\"font-size:1.1rem\">O godzinie 9.00 CDR- zwolennicy katalo\u0144skiej niepodleg\u0142o\u015bci, zablokowali oko\u0142o dwudziestu odcink\u00f3w dr\u00f3g. W tym trzy odcinki AP-7 w Sarri\u00e0 de Ter, Sils (Girona) i L&#8217;Ampolla ( Tarragona) i  A-2 w Igualadzie (Barcelona) i Ronda Litoral.  Poza tym A-2 w Alcarr\u00e0s (Lleida), C-31 w Pals, Torroella de Montgr\u00ed i Verges (Girona); C-37 w Vall d&#8217;en Bas (Girona), C-65 w Llambilles (Girona), C-66 w Celr\u00e0 (Girona), GI-623 w Saus  i N-II w Mediny\u00e0 i N-IIa w Sarri\u00e0 de Ter.<\/p>\n<blockquote class=\"twitter-tweet\" data-lang=\"pl\">\n<p lang=\"ca\" dir=\"ltr\">Som i serem <a href=\"https:\/\/twitter.com\/hashtag\/ingovernables?src=hash&amp;ref_src=twsrc%5Etfw\">#ingovernables<\/a><br \/>Comarques Gironines en Lluita \u270a<a href=\"https:\/\/twitter.com\/hashtag\/girona?src=hash&amp;ref_src=twsrc%5Etfw\">#girona<\/a> <a href=\"https:\/\/twitter.com\/hashtag\/21DDESBORDEMLOS?src=hash&amp;ref_src=twsrc%5Etfw\">#21DDESBORDEMLOS<\/a> <\/p>\n","protected":false},"excerpt":{"rendered":"<p>Autostrada jest zamkni\u0119ta mi\u0119dzy miastami Figueres i Ma\u00e7anet de la Selva. O godzinie 9.00 CDR- zwolennicy katalo\u0144skiej niepodleg\u0142o\u015bci, zablokowali oko\u0142o dwudziestu odcink\u00f3w dr\u00f3g. W tym trzy odcinki AP-7 w Sarri\u00e0 de Ter, Sils (Girona) i L&#8217;Ampolla ( Tarragona) i A-2 w Igualadzie (Barcelona) i Ronda Litoral. Poza tym A-2 w Alcarr\u00e0s (Lleida), C-31 w Pals, [&hellip;]<\/p>\n","protected":false},"author":0,"featured_media":6958,"comment_status":"open","ping_status":"open","sticky":false,"template":"","format":"standard","meta":[],"categories":[1],"tags":[],"_links":{"self":[{"href":"http:\/\/avicegroup.com\/pl\/wp-json\/wp\/v2\/posts\/6957"}],"collection":[{"href":"http:\/\/avicegroup.com\/pl\/wp-json\/wp\/v2\/posts"}],"about":[{"href":"http:\/\/avicegroup.com\/pl\/wp-json\/wp\/v2\/types\/post"}],"replies":[{"embeddable":true,"href":"http:\/\/avicegroup.com\/pl\/wp-json\/wp\/v2\/comments?post=6957"}],"version-history":[{"count":0,"href":"http:\/\/avicegroup.com\/pl\/wp-json\/wp\/v2\/posts\/6957\/revisions"}],"wp:featuredmedia":[{"embeddable":true,"href":"http:\/\/avicegroup.com\/pl\/wp-json\/wp\/v2\/media\/6958"}],"wp:attachment":[{"href":"http:\/\/avicegroup.com\/pl\/wp-json\/wp\/v2\/media?parent=6957"}],"wp:term":[{"taxonomy":"category","embeddable":true,"href":"http:\/\/avicegroup.com\/pl\/wp-json\/wp\/v2\/categories?post=6957"},{"taxonomy":"post_tag","embeddable":true,"href":"http:\/\/avicegroup.com\/pl\/wp-json\/wp\/v2\/tags?post=6957"}],"curies":[{"name":"wp","href":"https:\/\/api.w.org\/{rel}","templated":true}]}}