{"id":6937,"date":"2022-05-06T16:07:07","date_gmt":"2022-05-06T16:07:07","guid":{"rendered":"http:\/\/news.349.html"},"modified":"2022-05-06T16:07:07","modified_gmt":"2022-05-06T16:07:07","slug":"od-dzisiaj-most-na-fuldzie-w-bergshausen-zamkniety-dla-ruchu","status":"publish","type":"post","link":"http:\/\/avicegroup.com\/pl\/od-dzisiaj-most-na-fuldzie-w-bergshausen-zamkniety-dla-ruchu\/","title":{"rendered":"Od dzisiaj most na Fuldzie w Bergshausen zamkni\u0119ty dla ruchu"},"content":{"rendered":"<h1 class=\"ui header\">\n<div class=\"sub header\">Powodem tymczasowego zamkni\u0119cia przeprawy jest monta\u017c wagi samochodowej na A44 w kierunku A7 tu\u017c za skrzy\u017cowaniem Kassel-West. Waga ma s\u0142u\u017cy\u0107 kontrolowaniu przestrzegania zakazu ruchu ci\u0119\u017carowego na mo\u015bcie od strony Dortmundu, kt\u00f3ry zacznie obowi\u0105zywa\u0107 od poniedzia\u0142ku, 14 stycznia.<\/div>\n<\/h1>\n<p style=\"font-size:1.1rem\"><b>Most pozostanie zamkni\u0119ty do \u015brody do p\u00f3\u0142nocy w\u0142\u0105cznie. Kolejne zamkni\u0119cie nast\u0105pi od godz. 22:00 w czwartek do 4:00 rano w pi\u0105tek.<\/b><\/p>\n<p>Do tej pory samochody osobowe i ci\u0119\u017carowe mog\u0142y przeje\u017cd\u017ca\u0107 przez przepraw\u0119 tylko od strony Dortmundu. <b>Wraz z zamkni\u0119ciem mostu, ruch od strony Dortmundu b\u0119dzie odbywa\u0142 si\u0119 wy\u0142\u0105cznie objazdem przez A49 w kierunku A7<\/b> \u2013 tak samo jak w przypadku pojazd\u00f3w nadje\u017cd\u017caj\u0105cych od strony Hanoweru lub W\u00fcrzburga (A7).<\/p>\n","protected":false},"excerpt":{"rendered":"<p>Powodem tymczasowego zamkni\u0119cia przeprawy jest monta\u017c wagi samochodowej na A44 w kierunku A7 tu\u017c za skrzy\u017cowaniem Kassel-West. Waga ma s\u0142u\u017cy\u0107 kontrolowaniu przestrzegania zakazu ruchu ci\u0119\u017carowego na mo\u015bcie od strony Dortmundu, kt\u00f3ry zacznie obowi\u0105zywa\u0107 od poniedzia\u0142ku, 14 stycznia. Most pozostanie zamkni\u0119ty do \u015brody do p\u00f3\u0142nocy w\u0142\u0105cznie. Kolejne zamkni\u0119cie nast\u0105pi od godz. 22:00 w czwartek do 4:00 [&hellip;]<\/p>\n","protected":false},"author":0,"featured_media":6938,"comment_status":"open","ping_status":"open","sticky":false,"template":"","format":"standard","meta":[],"categories":[1],"tags":[],"_links":{"self":[{"href":"http:\/\/avicegroup.com\/pl\/wp-json\/wp\/v2\/posts\/6937"}],"collection":[{"href":"http:\/\/avicegroup.com\/pl\/wp-json\/wp\/v2\/posts"}],"about":[{"href":"http:\/\/avicegroup.com\/pl\/wp-json\/wp\/v2\/types\/post"}],"replies":[{"embeddable":true,"href":"http:\/\/avicegroup.com\/pl\/wp-json\/wp\/v2\/comments?post=6937"}],"version-history":[{"count":0,"href":"http:\/\/avicegroup.com\/pl\/wp-json\/wp\/v2\/posts\/6937\/revisions"}],"wp:featuredmedia":[{"embeddable":true,"href":"http:\/\/avicegroup.com\/pl\/wp-json\/wp\/v2\/media\/6938"}],"wp:attachment":[{"href":"http:\/\/avicegroup.com\/pl\/wp-json\/wp\/v2\/media?parent=6937"}],"wp:term":[{"taxonomy":"category","embeddable":true,"href":"http:\/\/avicegroup.com\/pl\/wp-json\/wp\/v2\/categories?post=6937"},{"taxonomy":"post_tag","embeddable":true,"href":"http:\/\/avicegroup.com\/pl\/wp-json\/wp\/v2\/tags?post=6937"}],"curies":[{"name":"wp","href":"https:\/\/api.w.org\/{rel}","templated":true}]}}