{"id":5782,"date":"2022-05-06T16:04:29","date_gmt":"2022-05-06T16:04:29","guid":{"rendered":"http:\/\/news.581.html"},"modified":"2022-05-06T16:04:29","modified_gmt":"2022-05-06T16:04:29","slug":"nowe-warunki-wjazdu-do-wloch-rowniez-dla-kierowcow","status":"publish","type":"post","link":"http:\/\/avicegroup.com\/pl\/nowe-warunki-wjazdu-do-wloch-rowniez-dla-kierowcow\/","title":{"rendered":"Nowe warunki wjazdu do W\u0142och r\u00f3wnie\u017c dla kierowc\u00f3w"},"content":{"rendered":"<h1 class=\"ui header\">\n<div class=\"sub header\">18 sierpnia br. wesz\u0142y w \u017cycie nowe warunki wjazdu na terytorium W\u0142och, kt\u00f3re zale\u017c\u0105 od pochodzenia podr\u00f3\u017cuj\u0105cego.<\/div>\n<\/h1>\n<p style=\"font-size:1.1rem\">Jak informuje w\u0142oskie Ministerstwo Spraw Zagranicznych i Wsp\u00f3\u0142pracy Mi\u0119dzynarodowej, specjalne ograniczenia (test COVID-19 lub kwarantanna) s\u0105 teraz nak\u0142adane na osoby wje\u017cd\u017caj\u0105ce do W\u0142och po pobycie (lub tranzycie) w ci\u0105gu ostatnich 14 dni w jednym z nast\u0119puj\u0105cych kraj\u00f3w: Chorwacji, Grecji, Malty i Hiszpanii. Podr\u00f3\u017cni, kt\u00f3rzy przebywali lub przeje\u017cd\u017cali przez wy\u017cej wymienione kraje, maj\u0105 obowi\u0105zek przedstawi\u0107 test wymazu z wynikiem negatywnym, przeprowadzony w ci\u0105gu 72 godzin przed wjazdem do W\u0142och, lub wykona\u0107 test w ci\u0105gu 48 godzin po wje\u017adzie na terytorium kraju. Wszystkie osoby podr\u00f3\u017cuj\u0105ce do W\u0142och z dowolnego miejsca za granic\u0105 s\u0105 zobowi\u0105zane do przedstawienia w razie kontroli o\u015bwiadczenia w\u0142asnego. <\/p>\n<p> <a href=\"https:\/\/www.esteri.it\/mae\/resource\/doc\/2020\/08\/self-declaration_in_case_of_entry_into_italy_from_abroad_-__form_18_8.pdf\" class=\"ui circular right labeled icon button\" target=\"_blank\" rel=\"noopener\">Link do o\u015bwiadczenia w\u0142asnego <i class=\"ui right arrow icon\"><\/i><\/a><\/p>\n<p><b>Kierowcy zawodowi, kt\u00f3rzy przebywali (lub przeje\u017cd\u017cali tranzytem) w jednym z wy\u017cej wymienionych kraj\u00f3w, s\u0105 zwolnieni z tych specjalnych ogranicze\u0144, je\u017celi:<\/b><\/p>\n<li>udowodni\u0105, \u017ce wje\u017cd\u017caj\u0105 do W\u0142och w celach zawodowych<\/li>\n<li>przed wjazdem do W\u0142och wype\u0142ni\u0105 o\u015bwiadczenie w\u0142asne<\/li>\n<p>\n<a href=\"https:\/\/www.esteri.it\/mae\/resource\/doc\/2020\/08\/self-declaration_in_case_of_entry_into_italy_from_abroad_-__form_18_8.pdf\" class=\"ui circular right labeled icon button\" target=\"_blank\" rel=\"noopener\">Link do o\u015bwiadczenia w\u0142asnego <i class=\"ui right arrow icon\"><\/i><\/a><\/p>\n<p>Ponadto, kierowcy zawodowi mog\u0105 przebywa\u0107 we W\u0142oszech maksymalnie 120 godzin (36 godzin w tranzycie), po czym b\u0119d\u0105 musieli opu\u015bci\u0107 kraj lub podda\u0107 si\u0119 kwarantannie.<\/p>\n","protected":false},"excerpt":{"rendered":"<p>18 sierpnia br. wesz\u0142y w \u017cycie nowe warunki wjazdu na terytorium W\u0142och, kt\u00f3re zale\u017c\u0105 od pochodzenia podr\u00f3\u017cuj\u0105cego. Jak informuje w\u0142oskie Ministerstwo Spraw Zagranicznych i Wsp\u00f3\u0142pracy Mi\u0119dzynarodowej, specjalne ograniczenia (test COVID-19 lub kwarantanna) s\u0105 teraz nak\u0142adane na osoby wje\u017cd\u017caj\u0105ce do W\u0142och po pobycie (lub tranzycie) w ci\u0105gu ostatnich 14 dni w jednym z nast\u0119puj\u0105cych kraj\u00f3w: Chorwacji, [&hellip;]<\/p>\n","protected":false},"author":0,"featured_media":5783,"comment_status":"open","ping_status":"open","sticky":false,"template":"","format":"standard","meta":[],"categories":[1],"tags":[],"_links":{"self":[{"href":"http:\/\/avicegroup.com\/pl\/wp-json\/wp\/v2\/posts\/5782"}],"collection":[{"href":"http:\/\/avicegroup.com\/pl\/wp-json\/wp\/v2\/posts"}],"about":[{"href":"http:\/\/avicegroup.com\/pl\/wp-json\/wp\/v2\/types\/post"}],"replies":[{"embeddable":true,"href":"http:\/\/avicegroup.com\/pl\/wp-json\/wp\/v2\/comments?post=5782"}],"version-history":[{"count":0,"href":"http:\/\/avicegroup.com\/pl\/wp-json\/wp\/v2\/posts\/5782\/revisions"}],"wp:featuredmedia":[{"embeddable":true,"href":"http:\/\/avicegroup.com\/pl\/wp-json\/wp\/v2\/media\/5783"}],"wp:attachment":[{"href":"http:\/\/avicegroup.com\/pl\/wp-json\/wp\/v2\/media?parent=5782"}],"wp:term":[{"taxonomy":"category","embeddable":true,"href":"http:\/\/avicegroup.com\/pl\/wp-json\/wp\/v2\/categories?post=5782"},{"taxonomy":"post_tag","embeddable":true,"href":"http:\/\/avicegroup.com\/pl\/wp-json\/wp\/v2\/tags?post=5782"}],"curies":[{"name":"wp","href":"https:\/\/api.w.org\/{rel}","templated":true}]}}