{"id":5742,"date":"2022-05-06T16:04:23","date_gmt":"2022-05-06T16:04:23","guid":{"rendered":"http:\/\/news.589.html"},"modified":"2022-05-06T16:04:23","modified_gmt":"2022-05-06T16:04:23","slug":"zamkniecie-a22-we-wloszech","status":"publish","type":"post","link":"http:\/\/avicegroup.com\/pl\/zamkniecie-a22-we-wloszech\/","title":{"rendered":"Zamkni\u0119cie A22 we W\u0142oszech"},"content":{"rendered":"<h1 class=\"ui header\">\n<div class=\"sub header\">W zwi\u0105zku z rozbrajaniem bomby z czas\u00f3w drugiej wojny \u015bwiatowej, w najbli\u017csz\u0105 niedziel\u0119 27 wrze\u015bnia br. nast\u0105pi zamkni\u0119cie ruchu na A22 mi\u0119dzy Bolzano Sud a Bolzano Nord, a tak\u017ce drogi SS12 i linii kolejowej Brennero. Zamkni\u0119cie rozpocznie si\u0119 o godzinie 9:00 i potrwa do 11:00.<\/div>\n<\/h1>\n<p style=\"font-size:1.1rem\">\n<p>Jak poinformowa\u0142o Austriackie Stowarzyszenie Mi\u0119dzynarodowych Przewo\u017anik\u00f3w Drogowych, w zwi\u0105zku z zamkni\u0119ciem A22, spodziewane s\u0105 d\u0142ugie korki, kt\u00f3re mog\u0105 przeci\u0105\u017ca\u0107 zjazdy z Klausen i Auer\/Neumarkt\/Tramin. Od godziny 7:00 ruch ci\u0119\u017carowy kierowany b\u0119dzie na parking TIR SADOBRE przy A22. W tym przypadku nie przewidziano objazd\u00f3w. By zapobiec powstawaniu zator\u00f3w i dodatkowych utrudnie\u0144 wszyscy u\u017cytkownicy dr\u00f3g proszeni s\u0105 o unikanie w tym czasie niepotrzebnych przejazd\u00f3w. Wskazane jest r\u00f3wnie\u017c zapoznanie si\u0119 ze stronami internetowymi centrum informacji o ruchu, autostrady A22, s\u0142u\u017cb bezpiecze\u0144stwa, gminy Bolzano oraz innych organ\u00f3w w celu uzyskania aktualnych informacji o przerwach w funkcjonowaniu ruchu.<\/p>\n","protected":false},"excerpt":{"rendered":"<p>W zwi\u0105zku z rozbrajaniem bomby z czas\u00f3w drugiej wojny \u015bwiatowej, w najbli\u017csz\u0105 niedziel\u0119 27 wrze\u015bnia br. nast\u0105pi zamkni\u0119cie ruchu na A22 mi\u0119dzy Bolzano Sud a Bolzano Nord, a tak\u017ce drogi SS12 i linii kolejowej Brennero. Zamkni\u0119cie rozpocznie si\u0119 o godzinie 9:00 i potrwa do 11:00. Jak poinformowa\u0142o Austriackie Stowarzyszenie Mi\u0119dzynarodowych Przewo\u017anik\u00f3w Drogowych, w zwi\u0105zku z [&hellip;]<\/p>\n","protected":false},"author":0,"featured_media":5743,"comment_status":"open","ping_status":"open","sticky":false,"template":"","format":"standard","meta":[],"categories":[1],"tags":[],"_links":{"self":[{"href":"http:\/\/avicegroup.com\/pl\/wp-json\/wp\/v2\/posts\/5742"}],"collection":[{"href":"http:\/\/avicegroup.com\/pl\/wp-json\/wp\/v2\/posts"}],"about":[{"href":"http:\/\/avicegroup.com\/pl\/wp-json\/wp\/v2\/types\/post"}],"replies":[{"embeddable":true,"href":"http:\/\/avicegroup.com\/pl\/wp-json\/wp\/v2\/comments?post=5742"}],"version-history":[{"count":0,"href":"http:\/\/avicegroup.com\/pl\/wp-json\/wp\/v2\/posts\/5742\/revisions"}],"wp:featuredmedia":[{"embeddable":true,"href":"http:\/\/avicegroup.com\/pl\/wp-json\/wp\/v2\/media\/5743"}],"wp:attachment":[{"href":"http:\/\/avicegroup.com\/pl\/wp-json\/wp\/v2\/media?parent=5742"}],"wp:term":[{"taxonomy":"category","embeddable":true,"href":"http:\/\/avicegroup.com\/pl\/wp-json\/wp\/v2\/categories?post=5742"},{"taxonomy":"post_tag","embeddable":true,"href":"http:\/\/avicegroup.com\/pl\/wp-json\/wp\/v2\/tags?post=5742"}],"curies":[{"name":"wp","href":"https:\/\/api.w.org\/{rel}","templated":true}]}}