{"id":5737,"date":"2022-05-06T16:04:22","date_gmt":"2022-05-06T16:04:22","guid":{"rendered":"http:\/\/news.590.html"},"modified":"2022-05-06T16:04:22","modified_gmt":"2022-05-06T16:04:22","slug":"utrudnienia-w-dojezdzie-do-calais","status":"publish","type":"post","link":"http:\/\/avicegroup.com\/pl\/utrudnienia-w-dojezdzie-do-calais\/","title":{"rendered":"Utrudnienia w doje\u017adzie do Calais"},"content":{"rendered":"<h1 class=\"ui header\">\n<div class=\"sub header\">Spowodowane s\u0105 one pracami konserwacyjnymi w\u0119z\u0142\u00f3w drogowych na A216 i RN216, kt\u00f3rych zako\u0144czenie planowane jest na 7 pa\u017adziernika.<\/div>\n<\/h1>\n<p style=\"font-size:1.1rem\">Prace podzielono na dwa etapy, prace na pierwszym z nich maj\u0105 potrwa\u0107 do 3 pa\u017adziernika do godziny 6.00. W zwi\u0105zku z tym obowi\u0105zuj\u0105 pewne ograniczenia.<\/p>\n<h3>ETAP I<\/h3>\n<p>do 3 pa\u017adziernika 2020 &#8211; 6:00<\/p>\n<p><b>kierunek A16-&gt; A216(Port)<\/b><br \/>\nPo wjazdach z autostrad A16 (Dunkierka) i A26 (Reims) ruch na A216 zosta\u0142 zredukowany do jednego pasa na oko\u0142o 1,3 km, \u0142\u0105cznie z tras\u0105 szybkiego ruchu szybka z kierunku A216 (Port) \u2192 A16 na odcinku ponad 800m.<\/p>\n<p><i>Zamkni\u0119cie i objazd:<\/i><br \/>\n\u2022 Po\u0142\u0105czenie A16 (Boulogne sur Mer) \u2192 A216 (Port)<br \/>\nObjazd polega na kontynuowaniu trasy A16 w kierunku Dunkierki a\u017c do w\u0119z\u0142a nr 48 (Marck Ouest \/ Transmarck), tam nale\u017cy zawr\u00f3\u0107 przez D247, aby wjecha\u0107 na A16 w kierunku Dunkierki\u2192 Boulogne-sur-Mer, by wjecha\u0107 do portu przez w\u0119ze\u0142 nr 47. <\/p>\n<p><b>kierunek RN216 \/ A216 (port) \u2192 A16<\/b><br \/>\nRuch zostanie ograniczony do jednego pasa po wje\u017adzie na RN216 z w\u0119z\u0142a nr 2 (Calais \/ ZI des Dunes \/ Oye-Plage) przez oko\u0142o 2,4 km. Pr\u0119dko\u015b\u0107 b\u0119dzie stopniowo zmniejszana do 50 i 80 km\/h oraz zabroniony zostaje manewr wyprzedzania.<\/p>\n<h3>Etap drugi<\/h3>\n<p>od 5 do 7 pa\u017adziernika 2020 &#8211; 7:00<\/p>\n<p><b>kierunek A16 \u2192 A216 (Port)<\/b><br \/>\nAutostrada A216 zostanie zamkni\u0119ta. Obowi\u0105zuje zjazdu na poziomie w\u0119z\u0142a nr 3 (Calais-center \/ ZA Marcel Doret).<\/p>\n","protected":false},"excerpt":{"rendered":"<p>Spowodowane s\u0105 one pracami konserwacyjnymi w\u0119z\u0142\u00f3w drogowych na A216 i RN216, kt\u00f3rych zako\u0144czenie planowane jest na 7 pa\u017adziernika. Prace podzielono na dwa etapy, prace na pierwszym z nich maj\u0105 potrwa\u0107 do 3 pa\u017adziernika do godziny 6.00. W zwi\u0105zku z tym obowi\u0105zuj\u0105 pewne ograniczenia. ETAP I do 3 pa\u017adziernika 2020 &#8211; 6:00 kierunek A16-&gt; A216(Port) Po [&hellip;]<\/p>\n","protected":false},"author":0,"featured_media":5738,"comment_status":"open","ping_status":"open","sticky":false,"template":"","format":"standard","meta":[],"categories":[1],"tags":[],"_links":{"self":[{"href":"http:\/\/avicegroup.com\/pl\/wp-json\/wp\/v2\/posts\/5737"}],"collection":[{"href":"http:\/\/avicegroup.com\/pl\/wp-json\/wp\/v2\/posts"}],"about":[{"href":"http:\/\/avicegroup.com\/pl\/wp-json\/wp\/v2\/types\/post"}],"replies":[{"embeddable":true,"href":"http:\/\/avicegroup.com\/pl\/wp-json\/wp\/v2\/comments?post=5737"}],"version-history":[{"count":0,"href":"http:\/\/avicegroup.com\/pl\/wp-json\/wp\/v2\/posts\/5737\/revisions"}],"wp:featuredmedia":[{"embeddable":true,"href":"http:\/\/avicegroup.com\/pl\/wp-json\/wp\/v2\/media\/5738"}],"wp:attachment":[{"href":"http:\/\/avicegroup.com\/pl\/wp-json\/wp\/v2\/media?parent=5737"}],"wp:term":[{"taxonomy":"category","embeddable":true,"href":"http:\/\/avicegroup.com\/pl\/wp-json\/wp\/v2\/categories?post=5737"},{"taxonomy":"post_tag","embeddable":true,"href":"http:\/\/avicegroup.com\/pl\/wp-json\/wp\/v2\/tags?post=5737"}],"curies":[{"name":"wp","href":"https:\/\/api.w.org\/{rel}","templated":true}]}}