{"id":5682,"date":"2022-05-06T16:04:15","date_gmt":"2022-05-06T16:04:15","guid":{"rendered":"http:\/\/news.601.html"},"modified":"2022-05-06T16:04:15","modified_gmt":"2022-05-06T16:04:15","slug":"19-dni-z-ograniczeniami-dla-ciezarowek","status":"publish","type":"post","link":"http:\/\/avicegroup.com\/pl\/19-dni-z-ograniczeniami-dla-ciezarowek\/","title":{"rendered":"19 dni z ograniczeniami dla ci\u0119\u017car\u00f3wek"},"content":{"rendered":"<h1 class=\"ui header\">\n<div class=\"sub header\">Ze wzgl\u0119du na zagro\u017cenie du\u017cym nat\u0119\u017ceniem ruchu, w pierwszej po\u0142owie 2021 roku tyrolskie w\u0142adze planuj\u0105 kilkana\u015bcie dni, w kt\u00f3rych obowi\u0105zywa\u0107 b\u0119dzie dozowanie liczby ci\u0119\u017car\u00f3wek przekraczaj\u0105cych granic\u0119 na autostradzie A12 Inntal w pobli\u017cu Kufstein-Nord.<\/div>\n<\/h1>\n<p style=\"font-size:1.1rem\">Przypomnijmy, \u017ce dozowanie liczby pojazd\u00f3w, jakie mog\u0105 przejecha\u0107 w ci\u0105gu godziny by\u0142o wielokrotnie krytykowane przez bawarskie w\u0142adze. Jednak zdaniem premiera Tyrolu, dozowanie ruchu ci\u0119\u017carowego sta\u0142o si\u0119 nieodzownym \u015brodkiem zapewniaj\u0105cym bezpiecze\u0144stwo ruchu i ci\u0105g\u0142o\u015b\u0107 dostaw na terenie Tyrolu w te szczeg\u00f3lnie newralgiczne dni. W\u0142adze landu konsekwentnie staraj\u0105 si\u0119 ograniczy\u0107 nat\u0119\u017cenie ruchu tranzytowego i chroni\u0107 mieszka\u0144c\u00f3w przed jego negatywnymi skutkami.<\/p>\n<h3>Kalendarz dozowania ruchu ci\u0119\u017carowego w 1. po\u0142owie 2021 r.<\/h3>\n<li><b>7 stycznia 2021<\/b> \u2013 czwartek, dzie\u0144 po Objawieniu Pa\u0144skim<\/li>\n<li><b>8 lutego 2021<\/b> &#8211; poniedzia\u0142ek<\/li>\n<li><b>15 lutego 2021<\/b> &#8211; poniedzia\u0142ek<\/li>\n<li><b>22 lutego 2021<\/b> &#8211; poniedzia\u0142ek<\/li>\n<li><b>1 marca 2021<\/b> &#8211; poniedzia\u0142ek<\/li>\n<li><b>8 marca 2021<\/b> &#8211; poniedzia\u0142ek<\/li>\n<li><b>15 marca 2021<\/b> &#8211; poniedzia\u0142ek<\/li>\n<li><b>10 maja 2021<\/b> &#8211; poniedzia\u0142ek przed Wniebowst\u0105pieniem<\/li>\n<li><b>11 maja 2021<\/b> &#8211; wtorek przed Wniebowst\u0105pieniem<\/li>\n<li><b>12 maja 2021<\/b> &#8211; \u015broda przed Wniebowst\u0105pieniem<\/li>\n<li><b>14 maja 2021<\/b> &#8211; pi\u0105tek po Wniebowst\u0105pieniu<\/li>\n<li><b>21 maja 2021<\/b> &#8211; pi\u0105tek przed Zielonymi \u015awi\u0105tkami<\/li>\n<li><b>22 maja 2021<\/b> &#8211; sobota przed Zielonymi \u015awi\u0105tkami<\/li>\n<li><b>25 maja 2021<\/b> &#8211; wtorek po Zielonych \u015awi\u0105tkach<\/li>\n<li><b>26 maja 2021<\/b> &#8211; \u015broda po Zielonych \u015awi\u0105tkach<\/li>\n<li><b>27 maja 2021<\/b> &#8211; czwartek po Pi\u0119\u0107dziesi\u0105tnicy<\/li>\n<li><b>31 maja 2021<\/b> &#8211; poniedzia\u0142ek przed Bo\u017cym Cia\u0142em<\/li>\n<li><b>1 czerwca 2021<\/b> &#8211; wtorek przed Bo\u017cym Cia\u0142em<\/li>\n<li><b>4 czerwca 2021<\/b> &#8211; pi\u0105tek po Bo\u017cym Ciele.<\/li>\n","protected":false},"excerpt":{"rendered":"<p>Ze wzgl\u0119du na zagro\u017cenie du\u017cym nat\u0119\u017ceniem ruchu, w pierwszej po\u0142owie 2021 roku tyrolskie w\u0142adze planuj\u0105 kilkana\u015bcie dni, w kt\u00f3rych obowi\u0105zywa\u0107 b\u0119dzie dozowanie liczby ci\u0119\u017car\u00f3wek przekraczaj\u0105cych granic\u0119 na autostradzie A12 Inntal w pobli\u017cu Kufstein-Nord. Przypomnijmy, \u017ce dozowanie liczby pojazd\u00f3w, jakie mog\u0105 przejecha\u0107 w ci\u0105gu godziny by\u0142o wielokrotnie krytykowane przez bawarskie w\u0142adze. Jednak zdaniem premiera Tyrolu, dozowanie [&hellip;]<\/p>\n","protected":false},"author":0,"featured_media":5683,"comment_status":"open","ping_status":"open","sticky":false,"template":"","format":"standard","meta":[],"categories":[1],"tags":[],"_links":{"self":[{"href":"http:\/\/avicegroup.com\/pl\/wp-json\/wp\/v2\/posts\/5682"}],"collection":[{"href":"http:\/\/avicegroup.com\/pl\/wp-json\/wp\/v2\/posts"}],"about":[{"href":"http:\/\/avicegroup.com\/pl\/wp-json\/wp\/v2\/types\/post"}],"replies":[{"embeddable":true,"href":"http:\/\/avicegroup.com\/pl\/wp-json\/wp\/v2\/comments?post=5682"}],"version-history":[{"count":0,"href":"http:\/\/avicegroup.com\/pl\/wp-json\/wp\/v2\/posts\/5682\/revisions"}],"wp:featuredmedia":[{"embeddable":true,"href":"http:\/\/avicegroup.com\/pl\/wp-json\/wp\/v2\/media\/5683"}],"wp:attachment":[{"href":"http:\/\/avicegroup.com\/pl\/wp-json\/wp\/v2\/media?parent=5682"}],"wp:term":[{"taxonomy":"category","embeddable":true,"href":"http:\/\/avicegroup.com\/pl\/wp-json\/wp\/v2\/categories?post=5682"},{"taxonomy":"post_tag","embeddable":true,"href":"http:\/\/avicegroup.com\/pl\/wp-json\/wp\/v2\/tags?post=5682"}],"curies":[{"name":"wp","href":"https:\/\/api.w.org\/{rel}","templated":true}]}}