{"id":5662,"date":"2022-05-06T16:04:12","date_gmt":"2022-05-06T16:04:12","guid":{"rendered":"http:\/\/news.605.html"},"modified":"2022-05-06T16:04:12","modified_gmt":"2022-05-06T16:04:12","slug":"do-czech-z-zaswiadczeniem","status":"publish","type":"post","link":"http:\/\/avicegroup.com\/pl\/do-czech-z-zaswiadczeniem\/","title":{"rendered":"Do Czech z za\u015bwiadczeniem"},"content":{"rendered":"<h1 class=\"ui header\">\n<div class=\"sub header\">21 pa\u017adziernika bie\u017c\u0105cego roku rz\u0105d Czech zdecydowa\u0142 o zakazie swobodnego przep\u0142ywu wszystkich os\u00f3b na terytorium Republiki Czeskiej, kt\u00f3ra wesz\u0142a w \u017cycie z dniem 22 pa\u017adziernika o godzinie 06:00.<\/div>\n<\/h1>\n<p style=\"font-size:1.1rem\">Jak informuje Sebastian Paluch z CSK, przewidziano wyj\u0105tki od zakazu swobodnego przemieszczania si\u0119, w tym w szczeg\u00f3lno\u015bci dojazd\u00f3w do pracy, odwiedzin rodzinnych, do zak\u0142ad\u00f3w opieki zdrowotnej, na wesela lub pogrzeby, za granic\u0119 lub powr\u00f3t do miejsca zamieszkania w Republice Czeskiej a tak\u017ce w transporcie drogowym. <\/p>\n<p>Uwzgl\u0119dniaj\u0105c inne wprowadzone ograniczenia (np. zamykanie hoteli i obiekt\u00f3w noclegowych dla turyst\u00f3w czy ograniczenie liczebno\u015bci grup w miejscach publicznych do maksymalnie dw\u00f3ch os\u00f3b), do Czech mo\u017cna podr\u00f3\u017cowa\u0107 tylko z wa\u017cnych powod\u00f3w, tj. podr\u00f3\u017c w celach turystycznych lub odwiedzanie znajomych nie jest mo\u017cliwe. Decyzja ta w \u017caden nowy spos\u00f3b nie wp\u0142ywa na pracownik\u00f3w transgranicznych. Kontrole graniczne nie zostan\u0105 przywr\u00f3cone. <b>Kierowcy w transporcie zobowi\u0105zani s\u0105 do posiadania za\u015bwiadczenia.<\/b> <\/p>\n<p><a href=\"https:\/\/csk.pl\/files\/Confirmation_form_for_international_transport_workers_CZ-EN_-_20200423.pdf\" class=\"ui circular right labeled icon button\" target=\"_blank\" rel=\"noopener\">Dost\u0119p do wzoru interaktywnego, wieloj\u0119zycznego dokumentu przygotowanego przez CSK <i class=\"ui right arrow icon\"><\/i><\/a><\/p>\n<p>Zasady wjazdu na terytorium Republiki Czeskiej i \u015brodki kwarantanny okre\u015bla Ministerstwo Zdrowia. Lista kraj\u00f3w o niskim ryzyku zara\u017cenia COVID-19 jest ci\u0105gle aktualizowana (w chwili obecnej Polska jest krajem wysokiego ryzyka). W zale\u017cno\u015bci od sytuacji epidemiologicznej, warunki wjazdu do Czech r\u00f3wnie\u017c b\u0119d\u0105 stopniowo \u0142agodzone. <\/p>\n<p><i>Sebastian Paluch, CSK<\/i><\/p>\n","protected":false},"excerpt":{"rendered":"<p>21 pa\u017adziernika bie\u017c\u0105cego roku rz\u0105d Czech zdecydowa\u0142 o zakazie swobodnego przep\u0142ywu wszystkich os\u00f3b na terytorium Republiki Czeskiej, kt\u00f3ra wesz\u0142a w \u017cycie z dniem 22 pa\u017adziernika o godzinie 06:00. Jak informuje Sebastian Paluch z CSK, przewidziano wyj\u0105tki od zakazu swobodnego przemieszczania si\u0119, w tym w szczeg\u00f3lno\u015bci dojazd\u00f3w do pracy, odwiedzin rodzinnych, do zak\u0142ad\u00f3w opieki zdrowotnej, na [&hellip;]<\/p>\n","protected":false},"author":0,"featured_media":5663,"comment_status":"open","ping_status":"open","sticky":false,"template":"","format":"standard","meta":[],"categories":[1],"tags":[],"_links":{"self":[{"href":"http:\/\/avicegroup.com\/pl\/wp-json\/wp\/v2\/posts\/5662"}],"collection":[{"href":"http:\/\/avicegroup.com\/pl\/wp-json\/wp\/v2\/posts"}],"about":[{"href":"http:\/\/avicegroup.com\/pl\/wp-json\/wp\/v2\/types\/post"}],"replies":[{"embeddable":true,"href":"http:\/\/avicegroup.com\/pl\/wp-json\/wp\/v2\/comments?post=5662"}],"version-history":[{"count":0,"href":"http:\/\/avicegroup.com\/pl\/wp-json\/wp\/v2\/posts\/5662\/revisions"}],"wp:featuredmedia":[{"embeddable":true,"href":"http:\/\/avicegroup.com\/pl\/wp-json\/wp\/v2\/media\/5663"}],"wp:attachment":[{"href":"http:\/\/avicegroup.com\/pl\/wp-json\/wp\/v2\/media?parent=5662"}],"wp:term":[{"taxonomy":"category","embeddable":true,"href":"http:\/\/avicegroup.com\/pl\/wp-json\/wp\/v2\/categories?post=5662"},{"taxonomy":"post_tag","embeddable":true,"href":"http:\/\/avicegroup.com\/pl\/wp-json\/wp\/v2\/tags?post=5662"}],"curies":[{"name":"wp","href":"https:\/\/api.w.org\/{rel}","templated":true}]}}