{"id":5652,"date":"2022-05-06T16:04:11","date_gmt":"2022-05-06T16:04:11","guid":{"rendered":"http:\/\/news.607.html"},"modified":"2022-05-06T16:04:11","modified_gmt":"2022-05-06T16:04:11","slug":"calkowite-zamkniecie-a6-w-niemczech","status":"publish","type":"post","link":"http:\/\/avicegroup.com\/pl\/calkowite-zamkniecie-a6-w-niemczech\/","title":{"rendered":"Ca\u0142kowite zamkni\u0119cie A6 w Niemczech"},"content":{"rendered":"<h1 class=\"ui header\">\n<div class=\"sub header\">Utrudnienia wyst\u0105pi\u0105 mi\u0119dzy skrzy\u017cowaniem w Heilbronn \/ Untereisesheim i Bad Rappenau. Zwi\u0105zane s\u0105 z demonta\u017cem tymczasowego mostu w pobli\u017cu  Heilbronn-Biberach.<\/div>\n<\/h1>\n<p style=\"font-size:1.1rem\">Autostrada A6 b\u0119dzie ca\u0142kowicie zamkni\u0119ta w obu kierunkach <b>od pi\u0105tku 23 pa\u017adziernika od godziny 21:00 prawdopodobnie do niedzieli 25 pa\u017adziernika do godziny 10:00<\/b> w dw\u00f3ch przesuni\u0119tych oknach czasowych: <\/p>\n<li><b>A6 w kierunku Mannheim:<\/b> utrudnienia rozpoczn\u0105 si\u0119 w pi\u0105tek od godziny 21:00 i potrwaj\u0105 do 16:00 w sobot\u0119<\/li>\n<li><b>A6 w kierunku Norymbergi:<\/b> zamkni\u0119cie nast\u0105pi od godziny 8:00 i potrwa do niedzieli do 10:00.<\/li>\n<h4>Podczas ca\u0142kowitego zamkni\u0119cia autostrady A6 obowi\u0105zuj\u0105 nast\u0119puj\u0105ce zalecenia dotycz\u0105ce objazdu:<\/h4>\n<li>w kierunku Mannheim kierowcy powinni zjecha\u0107 na skrzy\u017cowaniu Heilbronn \/ Untereisesheim (36) i kierowa\u0107 si\u0119 objazdem U 62<\/li>\n<li>w kierunku Norymbergi z w\u0119z\u0142a Bad Rappenau (35) nale\u017cy jecha\u0107 drog\u0105 U 65.<\/li>\n","protected":false},"excerpt":{"rendered":"<p>Utrudnienia wyst\u0105pi\u0105 mi\u0119dzy skrzy\u017cowaniem w Heilbronn \/ Untereisesheim i Bad Rappenau. Zwi\u0105zane s\u0105 z demonta\u017cem tymczasowego mostu w pobli\u017cu Heilbronn-Biberach. Autostrada A6 b\u0119dzie ca\u0142kowicie zamkni\u0119ta w obu kierunkach od pi\u0105tku 23 pa\u017adziernika od godziny 21:00 prawdopodobnie do niedzieli 25 pa\u017adziernika do godziny 10:00 w dw\u00f3ch przesuni\u0119tych oknach czasowych: A6 w kierunku Mannheim: utrudnienia rozpoczn\u0105 si\u0119 [&hellip;]<\/p>\n","protected":false},"author":0,"featured_media":5653,"comment_status":"open","ping_status":"open","sticky":false,"template":"","format":"standard","meta":[],"categories":[1],"tags":[],"_links":{"self":[{"href":"http:\/\/avicegroup.com\/pl\/wp-json\/wp\/v2\/posts\/5652"}],"collection":[{"href":"http:\/\/avicegroup.com\/pl\/wp-json\/wp\/v2\/posts"}],"about":[{"href":"http:\/\/avicegroup.com\/pl\/wp-json\/wp\/v2\/types\/post"}],"replies":[{"embeddable":true,"href":"http:\/\/avicegroup.com\/pl\/wp-json\/wp\/v2\/comments?post=5652"}],"version-history":[{"count":0,"href":"http:\/\/avicegroup.com\/pl\/wp-json\/wp\/v2\/posts\/5652\/revisions"}],"wp:featuredmedia":[{"embeddable":true,"href":"http:\/\/avicegroup.com\/pl\/wp-json\/wp\/v2\/media\/5653"}],"wp:attachment":[{"href":"http:\/\/avicegroup.com\/pl\/wp-json\/wp\/v2\/media?parent=5652"}],"wp:term":[{"taxonomy":"category","embeddable":true,"href":"http:\/\/avicegroup.com\/pl\/wp-json\/wp\/v2\/categories?post=5652"},{"taxonomy":"post_tag","embeddable":true,"href":"http:\/\/avicegroup.com\/pl\/wp-json\/wp\/v2\/tags?post=5652"}],"curies":[{"name":"wp","href":"https:\/\/api.w.org\/{rel}","templated":true}]}}