{"id":5647,"date":"2022-05-06T16:04:10","date_gmt":"2022-05-06T16:04:10","guid":{"rendered":"http:\/\/news.608.html"},"modified":"2022-05-06T16:04:10","modified_gmt":"2022-05-06T16:04:10","slug":"nowy-zakaz-jazdy-na-a22-brenner","status":"publish","type":"post","link":"http:\/\/avicegroup.com\/pl\/nowy-zakaz-jazdy-na-a22-brenner\/","title":{"rendered":"Nowy zakaz jazdy na A22 Brenner"},"content":{"rendered":"<h1 class=\"ui header\">\n<div class=\"sub header\">26 pa\u017adziernika 2020 r. od 00:00 do 22:00 na w\u0142oskiej autostradzie Brenner A22, na odcinku od Sterzing do granicy pa\u0144stwowej Brenner, b\u0119dzie obowi\u0105zywa\u0142 zakaz jazdy pojazdami o dopuszczalnej masie ca\u0142kowitej powy\u017cej 7,5 tony.<\/div>\n<\/h1>\n<p style=\"font-size:1.1rem\">Zakaz wprowadzono dekretem z dnia 19 pa\u017adziernika 2020 r. Tego dnia obowi\u0105zuje w Austrii zakaz prowadzenia pojazd\u00f3w w zwi\u0105zku ze \u015awi\u0119tem Narodowym.  Zakaz prowadzenia pojazd\u00f3w 26 pa\u017adziernika 2020 roku dotyczy wszystkich transport\u00f3w na p\u00f3\u0142noc na odcinku od Sterzing do granicy stanu Brenner. Pojazdy do przewozu towar\u00f3w o masie ca\u0142kowitej powy\u017cej 7,5 t, kt\u00f3re w momencie wej\u015bcia w \u017cycie zakazu b\u0119d\u0105 znajdowa\u0107 si\u0119 na autostradzie Brenner w prowincji Bolzano, musz\u0105 zatrzyma\u0107 si\u0119 na parkingu SA.DO.BRE w Sterzing lub na miejscach parkingowych wyznaczonych przez policj\u0119.<\/p>\n","protected":false},"excerpt":{"rendered":"<p>26 pa\u017adziernika 2020 r. od 00:00 do 22:00 na w\u0142oskiej autostradzie Brenner A22, na odcinku od Sterzing do granicy pa\u0144stwowej Brenner, b\u0119dzie obowi\u0105zywa\u0142 zakaz jazdy pojazdami o dopuszczalnej masie ca\u0142kowitej powy\u017cej 7,5 tony. Zakaz wprowadzono dekretem z dnia 19 pa\u017adziernika 2020 r. Tego dnia obowi\u0105zuje w Austrii zakaz prowadzenia pojazd\u00f3w w zwi\u0105zku ze \u015awi\u0119tem Narodowym. [&hellip;]<\/p>\n","protected":false},"author":0,"featured_media":5648,"comment_status":"open","ping_status":"open","sticky":false,"template":"","format":"standard","meta":[],"categories":[1],"tags":[],"_links":{"self":[{"href":"http:\/\/avicegroup.com\/pl\/wp-json\/wp\/v2\/posts\/5647"}],"collection":[{"href":"http:\/\/avicegroup.com\/pl\/wp-json\/wp\/v2\/posts"}],"about":[{"href":"http:\/\/avicegroup.com\/pl\/wp-json\/wp\/v2\/types\/post"}],"replies":[{"embeddable":true,"href":"http:\/\/avicegroup.com\/pl\/wp-json\/wp\/v2\/comments?post=5647"}],"version-history":[{"count":0,"href":"http:\/\/avicegroup.com\/pl\/wp-json\/wp\/v2\/posts\/5647\/revisions"}],"wp:featuredmedia":[{"embeddable":true,"href":"http:\/\/avicegroup.com\/pl\/wp-json\/wp\/v2\/media\/5648"}],"wp:attachment":[{"href":"http:\/\/avicegroup.com\/pl\/wp-json\/wp\/v2\/media?parent=5647"}],"wp:term":[{"taxonomy":"category","embeddable":true,"href":"http:\/\/avicegroup.com\/pl\/wp-json\/wp\/v2\/categories?post=5647"},{"taxonomy":"post_tag","embeddable":true,"href":"http:\/\/avicegroup.com\/pl\/wp-json\/wp\/v2\/tags?post=5647"}],"curies":[{"name":"wp","href":"https:\/\/api.w.org\/{rel}","templated":true}]}}