{"id":5642,"date":"2022-05-06T16:04:10","date_gmt":"2022-05-06T16:04:10","guid":{"rendered":"http:\/\/news.609.html"},"modified":"2022-05-06T16:04:10","modified_gmt":"2022-05-06T16:04:10","slug":"niemcy-dwa-landy-skracaja-czas-zakazu-dla-ciezarowek","status":"publish","type":"post","link":"http:\/\/avicegroup.com\/pl\/niemcy-dwa-landy-skracaja-czas-zakazu-dla-ciezarowek\/","title":{"rendered":"Niemcy &#8211; dwa landy skracaj\u0105 czas zakazu dla ci\u0119\u017car\u00f3wek"},"content":{"rendered":"<h1 class=\"ui header\">\n<div class=\"sub header\">Przedstawiciele P\u00f3\u0142nocnej Nadrenii-Westfalii i Dolnej Saksonii wprowadzili to  rozwi\u0105zanie aby unikn\u0105\u0107 sytuacji, w kt\u00f3rych zakaz ruchu dla pojazd\u00f3w ci\u0119\u017carowych obowi\u0105zuje w dwa nast\u0119puj\u0105ce po sobie \u015bwi\u0119ta pa\u0144stwowe, tzn. w Dniu Reformacji (31.10) na terenie Dolnej Saksonii oraz w Dzie\u0144 Wszystkich \u015awi\u0119tych (1.11) w Nadrenii P\u00f3\u0142nocnej-Westfalii.<\/div>\n<\/h1>\n<p style=\"font-size:1.1rem\">Jak poinformowa\u0142o Ministerstwo Transportu Nadrenii P\u00f3\u0142nocnej-Westfalii, w latach 2020-2025 zakaz prowadzenia pojazd\u00f3w ci\u0119\u017carowych o masie powy\u017cej 7,5 tony w oba \u015bwi\u0119ta b\u0119dzie obowi\u0105zywa\u0142 tylko od 6:00 do 22:00. Ponadto w dniu, w kt\u00f3rym na terenie danego landu przypada \u015bwi\u0119to pa\u0144stwowe b\u0119dzie mo\u017cliwo\u015b\u0107 korzystania z g\u0142\u00f3wnych szlak\u00f3w tranzytowych, tzn. A1, A2, A30, A31 i A33 w godzinach od 6:00 do 22:00. Taka zasada b\u0119dzie obowi\u0105zywa\u0107 tak\u017ce wtedy, gdy w danym roku Dzie\u0144 Wszystkich \u015awi\u0119tych czy Dzie\u0144 Reformacji wypadnie w niedziel\u0119.<\/p>\n<blockquote><p>Dzi\u0119ki temu rozwi\u0105zaniu u\u0142atwiamy transport transgraniczny, a wielu kierowc\u00f3w nie b\u0119dzie musia\u0142o sp\u0119dza\u0107 tyle czasu na parkingach<cite> powiedzia\u0142 Hendrik W\u00fcst, minister transportu Nadrenii P\u00f3\u0142nocnej-Westfalii.<\/cite><\/p><\/blockquote>\n<p>\nOba kraje zwi\u0105zkowe uzgodni\u0142y, \u017ce b\u0119d\u0105 nadal \u015bci\u015ble koordynowa\u0107 organizacj\u0119 ruchu transportowego. W tym celu, w ramach \u201eDeklaracji z Osnabr\u00fcck\u201d z listopada 2019 r., oba landy podpisa\u0142y umow\u0119 tranzytow\u0105, kt\u00f3ra jest obecnie wprowadzana w \u017cycie, o czym \u015bwiadcz\u0105 wsp\u00f3lne ustalenie dotycz\u0105ce \u015bwi\u0105tecznych zakaz\u00f3w ruchu. Wspomniana umowa ma wyeliminowa\u0107 sytuacje kiedy po dniu wolnym w jednym kraju zwi\u0105zkowym nast\u0119puje kolejny dzie\u0144 wolny w kraju s\u0105siednim, co prowadzi do przepe\u0142nionych parking\u00f3w na granicach i d\u0142ugich kolejek ci\u0119\u017car\u00f3wek na drogach. Dzi\u0119ki temu i tak ju\u017c bardzo ruchliwe autostrady mi\u0119dzy Doln\u0105 Saksoni\u0105 a Nadreni\u0105 P\u00f3\u0142nocn\u0105-Westfali\u0105 nie b\u0119d\u0105 dodatkowo obci\u0105\u017cone. <\/p>\n<h3>Lista odcink\u00f3w tranzytowych, na kt\u00f3rych dozwolony jest ruch ci\u0119\u017carowy mi\u0119dzy 6:00 a 22:00 w \u015bwi\u0119ta pa\u0144stwowe przypadaj\u0105ce w danym landzie:<\/h3>\n<p> \u27a1\ufe0f A1 &#8211; Od w\u0119z\u0142a autostradowego Lotte\/Osnabr\u00fcck do granicy Nadrenii P\u00f3\u0142nocnej-Westfalii i Dolnej Saksonii w rejonie w\u0119z\u0142a Osnabr\u00fcck-Nord i w kierunku przeciwnym.<br \/>\n\u27a1\ufe0f A2 &#8211; Od w\u0119z\u0142a autostradowego Bad Oeynhausen do granicy pa\u0144stwa Dolna Saksonia\/Saksonia-Anhalt i w kierunku przeciwnym.<br \/>\n\u27a1\ufe0f A 30 &#8211; Od przej\u015bcia granicznego Bad Bentheim do w\u0119z\u0142a autostradowego Bad Oeynhausen (autostrada A2) i w kierunku przeciwnym.<br \/>\n\u27a1\ufe0f A31 &#8211; Od w\u0119z\u0142a autostradowego Sch\u00fcttorf do granicy Dolnej Saksonii\/Nadrenii P\u00f3\u0142nocnej-Westfalii i w kierunku przeciwnym.<br \/>\n\u27a1\ufe0f A33 &#8211; Od w\u0119z\u0142a autostradowego Osnabr\u00fcck-S\u00fcd do w\u0119z\u0142a Dissen-S\u00fcd i w kierunku przeciwnym.<\/p>\n","protected":false},"excerpt":{"rendered":"<p>Przedstawiciele P\u00f3\u0142nocnej Nadrenii-Westfalii i Dolnej Saksonii wprowadzili to rozwi\u0105zanie aby unikn\u0105\u0107 sytuacji, w kt\u00f3rych zakaz ruchu dla pojazd\u00f3w ci\u0119\u017carowych obowi\u0105zuje w dwa nast\u0119puj\u0105ce po sobie \u015bwi\u0119ta pa\u0144stwowe, tzn. w Dniu Reformacji (31.10) na terenie Dolnej Saksonii oraz w Dzie\u0144 Wszystkich \u015awi\u0119tych (1.11) w Nadrenii P\u00f3\u0142nocnej-Westfalii. Jak poinformowa\u0142o Ministerstwo Transportu Nadrenii P\u00f3\u0142nocnej-Westfalii, w latach 2020-2025 zakaz [&hellip;]<\/p>\n","protected":false},"author":0,"featured_media":5643,"comment_status":"open","ping_status":"open","sticky":false,"template":"","format":"standard","meta":[],"categories":[1],"tags":[],"_links":{"self":[{"href":"http:\/\/avicegroup.com\/pl\/wp-json\/wp\/v2\/posts\/5642"}],"collection":[{"href":"http:\/\/avicegroup.com\/pl\/wp-json\/wp\/v2\/posts"}],"about":[{"href":"http:\/\/avicegroup.com\/pl\/wp-json\/wp\/v2\/types\/post"}],"replies":[{"embeddable":true,"href":"http:\/\/avicegroup.com\/pl\/wp-json\/wp\/v2\/comments?post=5642"}],"version-history":[{"count":0,"href":"http:\/\/avicegroup.com\/pl\/wp-json\/wp\/v2\/posts\/5642\/revisions"}],"wp:featuredmedia":[{"embeddable":true,"href":"http:\/\/avicegroup.com\/pl\/wp-json\/wp\/v2\/media\/5643"}],"wp:attachment":[{"href":"http:\/\/avicegroup.com\/pl\/wp-json\/wp\/v2\/media?parent=5642"}],"wp:term":[{"taxonomy":"category","embeddable":true,"href":"http:\/\/avicegroup.com\/pl\/wp-json\/wp\/v2\/categories?post=5642"},{"taxonomy":"post_tag","embeddable":true,"href":"http:\/\/avicegroup.com\/pl\/wp-json\/wp\/v2\/tags?post=5642"}],"curies":[{"name":"wp","href":"https:\/\/api.w.org\/{rel}","templated":true}]}}