{"id":5637,"date":"2022-05-06T16:04:09","date_gmt":"2022-05-06T16:04:09","guid":{"rendered":"http:\/\/news.610.html"},"modified":"2022-05-06T16:04:09","modified_gmt":"2022-05-06T16:04:09","slug":"do-bawarii-tylko-za-okazaniem-testu","status":"publish","type":"post","link":"http:\/\/avicegroup.com\/pl\/do-bawarii-tylko-za-okazaniem-testu\/","title":{"rendered":"Do Bawarii tylko za okazaniem testu"},"content":{"rendered":"<h1 class=\"ui header\">\n<div class=\"sub header\">W pi\u0105tek wesz\u0142a w \u017cycie wa\u017cna zmiana rozporz\u0105dzenia Bawarii dotycz\u0105ca pracownik\u00f3w transgranicznych.<\/div>\n<\/h1>\n<p style=\"font-size:1.1rem\">Zgodnie ze znowelizowanym rozporz\u0105dzeniem w\u0142adz regionalnych, w Bawarii obowi\u0105zuje nowy wym\u00f3g przeprowadzania test\u00f3w dla os\u00f3b doje\u017cd\u017caj\u0105cych z obszar\u00f3w ryzyka znajduj\u0105cych si\u0119 poza granic\u0105 landu. Wed\u0142ug rozporz\u0105dzenia, ka\u017cdy, kto \u201eregularnie, tzn. przynajmniej raz w tygodniu, podr\u00f3\u017cuje do Bawarii w ramach obowi\u0105zk\u00f3w zawodowych lub w celach biznesowych, szkoleniowych lub te\u017c w zwi\u0105zku z nauk\u0105 w szkole lub na uczelni\u201d, musi o tym poinformowa\u0107 lokalne w\u0142adze w ci\u0105gu siedmiu dni, a nast\u0119pnie regularnie raz w tygodniu przes\u0142a\u0107 negatywny wynik testu na obecno\u015b\u0107 koronawirusa<\/p>\n<p>Jednak jak si\u0119 okazuje w Bawarii r\u00f3wnie\u017c kierowc\u00f3w ci\u0119\u017car\u00f3wek obowi\u0105zuje przedstawienie negatywnego testu na COVID-19. Byli oni zwolnieni z obowi\u0105zkowych test\u00f3w podczas pierwszego wiosennego kryzysu, obecnie jednak ju\u017c tak nie jest. <b>Oznacza to, \u017ce wszyscy kierowcy ci\u0119\u017car\u00f3wek przed wjazdem do Bawarii ruchu z obszar\u00f3w ryzyka musz\u0105 wykona\u0107 test.<\/b> Dotyczy to zar\u00f3wno niemieckich kierowc\u00f3w, kt\u00f3rzy dostarczaj\u0105 towary za granic\u0119, a nast\u0119pnie wracaj\u0105, jak i zagranicznych kierowc\u00f3w jad\u0105cych do Bawarii. <\/p>\n<p>Oficjalna informacja zamieszczona na rz\u0105dowych stronach m\u00f3wi o tym, \u017ce osoby przyje\u017cd\u017caj\u0105ce co najmniej raz w tygodniu do Bawarii w celach zawodowych, handlowych lub pobierania nauki musz\u0105 w ci\u0105gu 7 dni od przyjazdu okaza\u0107 test nie starszy ni\u017c 48 godz. na obecno\u015b\u0107 koronawirusa w j. angielskim lub niemieckim. Ka\u017cdy kolejny przyjazd na teren Bawarii wi\u0105\u017ce si\u0119 z obowi\u0105zkiem okazania nowego testu z wynikiem negatywnym. Pierwsze testy nale\u017cy okaza\u0107 w ci\u0105gu 7 dni po przyjazdach do Bawarii po 23.10.2020 r.<\/p>\n","protected":false},"excerpt":{"rendered":"<p>W pi\u0105tek wesz\u0142a w \u017cycie wa\u017cna zmiana rozporz\u0105dzenia Bawarii dotycz\u0105ca pracownik\u00f3w transgranicznych. Zgodnie ze znowelizowanym rozporz\u0105dzeniem w\u0142adz regionalnych, w Bawarii obowi\u0105zuje nowy wym\u00f3g przeprowadzania test\u00f3w dla os\u00f3b doje\u017cd\u017caj\u0105cych z obszar\u00f3w ryzyka znajduj\u0105cych si\u0119 poza granic\u0105 landu. Wed\u0142ug rozporz\u0105dzenia, ka\u017cdy, kto \u201eregularnie, tzn. przynajmniej raz w tygodniu, podr\u00f3\u017cuje do Bawarii w ramach obowi\u0105zk\u00f3w zawodowych lub w [&hellip;]<\/p>\n","protected":false},"author":0,"featured_media":5638,"comment_status":"open","ping_status":"open","sticky":false,"template":"","format":"standard","meta":[],"categories":[1],"tags":[],"_links":{"self":[{"href":"http:\/\/avicegroup.com\/pl\/wp-json\/wp\/v2\/posts\/5637"}],"collection":[{"href":"http:\/\/avicegroup.com\/pl\/wp-json\/wp\/v2\/posts"}],"about":[{"href":"http:\/\/avicegroup.com\/pl\/wp-json\/wp\/v2\/types\/post"}],"replies":[{"embeddable":true,"href":"http:\/\/avicegroup.com\/pl\/wp-json\/wp\/v2\/comments?post=5637"}],"version-history":[{"count":0,"href":"http:\/\/avicegroup.com\/pl\/wp-json\/wp\/v2\/posts\/5637\/revisions"}],"wp:featuredmedia":[{"embeddable":true,"href":"http:\/\/avicegroup.com\/pl\/wp-json\/wp\/v2\/media\/5638"}],"wp:attachment":[{"href":"http:\/\/avicegroup.com\/pl\/wp-json\/wp\/v2\/media?parent=5637"}],"wp:term":[{"taxonomy":"category","embeddable":true,"href":"http:\/\/avicegroup.com\/pl\/wp-json\/wp\/v2\/categories?post=5637"},{"taxonomy":"post_tag","embeddable":true,"href":"http:\/\/avicegroup.com\/pl\/wp-json\/wp\/v2\/tags?post=5637"}],"curies":[{"name":"wp","href":"https:\/\/api.w.org\/{rel}","templated":true}]}}