{"id":5622,"date":"2022-05-06T16:04:07","date_gmt":"2022-05-06T16:04:07","guid":{"rendered":"http:\/\/news.613.html"},"modified":"2022-05-06T16:04:07","modified_gmt":"2022-05-06T16:04:07","slug":"jeden-z-landow-znosi-zakazy-dla-pojazdow-ciezarowych","status":"publish","type":"post","link":"http:\/\/avicegroup.com\/pl\/jeden-z-landow-znosi-zakazy-dla-pojazdow-ciezarowych\/","title":{"rendered":"Jeden z land\u00f3w znosi zakazy dla pojazd\u00f3w ci\u0119\u017carowych"},"content":{"rendered":"<h1 class=\"ui header\">\n<div class=\"sub header\">Na terenie Nadrenii P\u00f3\u0142nocnej-Westfalii wprowadzone zosta\u0142o og\u00f3lne zwolnienie od zakazu prowadzenia pojazd\u00f3w w niedziele i \u015bwi\u0119ta.<\/div>\n<\/h1>\n<p style=\"font-size:1.1rem\">Wobec coraz wi\u0119kszych wysi\u0142k\u00f3w podejmowanych w celu ograniczenia rozprzestrzeniania si\u0119 wirusa SARS-CoV-2, nale\u017cy zapewni\u0107 sta\u0142\u0105 dost\u0119pno\u015b\u0107 towar\u00f3w niezb\u0119dnych dla ludno\u015bci i gospodarki poprzez utrzymanie wydajnych \u0142a\u0144cuch\u00f3w dostaw. W zwi\u0105zku z tym na terenie Nadrenii P\u00f3\u0142nocnej-Westfalii wprowadzone zosta\u0142o og\u00f3lne zwolnienie (okre\u015blone w art. 46 ust. 2) od zakazu prowadzenia pojazd\u00f3w w niedziele i \u015bwi\u0119ta (zgodnie z art 30 ust. 3 i 4 przepis\u00f3w StVO). Na razie zwolnienie to nie dotyczy przewoz\u00f3w ponadgabarytowych.<\/p>\n<p><b>Zwolnienie obowi\u0105zuje od 31 pa\u017adziernika br. do do 18 stycznia 2021 r.<\/b><\/p>\n<p>W mocy s\u0105 r\u00f3wnie\u017c nast\u0119puj\u0105ce postanowienia dodatkowe:<br \/>\n1. Zwolnienie dotyczy r\u00f3wnie\u017c pustych przejazd\u00f3w.<br \/>\n2. Je\u017celi tego typu zwolnienie wymagane jest w przypadku przewoz\u00f3w realizowanych na terenie innych kraj\u00f3w zwi\u0105zkowych, nale\u017cy si\u0119 postara\u0107 o jego uzyskanie.<br \/>\n3. Powy\u017csze wyj\u0105tki mog\u0105 zosta\u0107 odwo\u0142ane w ka\u017cdej chwili.<\/p>\n","protected":false},"excerpt":{"rendered":"<p>Na terenie Nadrenii P\u00f3\u0142nocnej-Westfalii wprowadzone zosta\u0142o og\u00f3lne zwolnienie od zakazu prowadzenia pojazd\u00f3w w niedziele i \u015bwi\u0119ta. Wobec coraz wi\u0119kszych wysi\u0142k\u00f3w podejmowanych w celu ograniczenia rozprzestrzeniania si\u0119 wirusa SARS-CoV-2, nale\u017cy zapewni\u0107 sta\u0142\u0105 dost\u0119pno\u015b\u0107 towar\u00f3w niezb\u0119dnych dla ludno\u015bci i gospodarki poprzez utrzymanie wydajnych \u0142a\u0144cuch\u00f3w dostaw. W zwi\u0105zku z tym na terenie Nadrenii P\u00f3\u0142nocnej-Westfalii wprowadzone zosta\u0142o og\u00f3lne zwolnienie [&hellip;]<\/p>\n","protected":false},"author":0,"featured_media":5623,"comment_status":"open","ping_status":"open","sticky":false,"template":"","format":"standard","meta":[],"categories":[1],"tags":[],"_links":{"self":[{"href":"http:\/\/avicegroup.com\/pl\/wp-json\/wp\/v2\/posts\/5622"}],"collection":[{"href":"http:\/\/avicegroup.com\/pl\/wp-json\/wp\/v2\/posts"}],"about":[{"href":"http:\/\/avicegroup.com\/pl\/wp-json\/wp\/v2\/types\/post"}],"replies":[{"embeddable":true,"href":"http:\/\/avicegroup.com\/pl\/wp-json\/wp\/v2\/comments?post=5622"}],"version-history":[{"count":0,"href":"http:\/\/avicegroup.com\/pl\/wp-json\/wp\/v2\/posts\/5622\/revisions"}],"wp:featuredmedia":[{"embeddable":true,"href":"http:\/\/avicegroup.com\/pl\/wp-json\/wp\/v2\/media\/5623"}],"wp:attachment":[{"href":"http:\/\/avicegroup.com\/pl\/wp-json\/wp\/v2\/media?parent=5622"}],"wp:term":[{"taxonomy":"category","embeddable":true,"href":"http:\/\/avicegroup.com\/pl\/wp-json\/wp\/v2\/categories?post=5622"},{"taxonomy":"post_tag","embeddable":true,"href":"http:\/\/avicegroup.com\/pl\/wp-json\/wp\/v2\/tags?post=5622"}],"curies":[{"name":"wp","href":"https:\/\/api.w.org\/{rel}","templated":true}]}}