{"id":5572,"date":"2022-05-06T16:04:00","date_gmt":"2022-05-06T16:04:00","guid":{"rendered":"http:\/\/news.623.html"},"modified":"2022-05-06T16:04:00","modified_gmt":"2022-05-06T16:04:00","slug":"francja-zniesienie-zakazu-ruchu-niektorych-typow-pojazdow","status":"publish","type":"post","link":"http:\/\/avicegroup.com\/pl\/francja-zniesienie-zakazu-ruchu-niektorych-typow-pojazdow\/","title":{"rendered":"Francja &#8211; zniesienie zakazu ruchu niekt\u00f3rych typ\u00f3w pojazd\u00f3w"},"content":{"rendered":"<h1 class=\"ui header\">\n<div class=\"sub header\">Zakazy ruchu przewidziane w artyku\u0142ach 1 i 3 Dekretu z dnia 2 marca 2015 r. w sprawie zakazu ruchu pojazd\u00f3w do transportu towar\u00f3w w okre\u015blonych okresach, zostaj\u0105 zniesione od wtorku 10 listopada 2020 r. od godz. 16:00 do \u015brody 11 listopada 2020 r. do p\u00f3\u0142nocy.<\/div>\n<\/h1>\n<p style=\"font-size:1.1rem\">\n<h4>Zwolnienia te dotycz\u0105 nast\u0119puj\u0105cych pojazd\u00f3w:<\/h4>\n<li>pojazdy przewo\u017c\u0105ce wy\u0142\u0105cznie \u017cywno\u015b\u0107 oraz produkty przeznaczone do spo\u017cycia przez ludzi i zwierz\u0119ta, do higieny i zdrowia ludzi lub zwierz\u0105t, a tak\u017ce wszelkie produkty, materia\u0142y lub komponenty niezb\u0119dne do ich opracowania, wytworzenia i dostawy;<\/li>\n<li>pojazdy przeprowadzaj\u0105ce przeprowadzki;<\/li>\n<li>pojazdy przewo\u017c\u0105ce przesy\u0142ki kurierskie.<\/li>\n<p>\nDopuszczony jest powr\u00f3t &#8220;na pusto&#8221; wy\u017cej wymienionych pojazd\u00f3w.<\/p>\n<p>Przypomnijmy ww art 1 i 3 Dekretu z dn.2 marca 2015r:<br \/>\nart.1<br \/>\nOg\u00f3lny zakaz.<br \/>\nRuch pojazd\u00f3w lub zespo\u0142\u00f3w pojazd\u00f3w o ca\u0142kowitej dopuszczalnej masie ca\u0142kowitej wi\u0119kszej ni\u017c 7,5 tony przypisany do transportu drogowego rzeczy, z wy\u0142\u0105czeniem pojazd\u00f3w specjalistycznych oraz pojazd\u00f3w rolniczych i sprz\u0119tu, jak okre\u015blono w za\u0142\u0105czniku II do dekret jest zabroniony na ca\u0142ej sieci dr\u00f3g w soboty i przeddzie\u0144 \u015bwi\u0105t od godziny 22:00 do 22:00 w niedziele i \u015bwi\u0119ta.<\/p>\n<p>art.3<br \/>\nPostanowienia maj\u0105ce zastosowanie do niekt\u00f3rych odcink\u00f3w autostrad w Ile-de-France.<br \/>\nUzupe\u0142nieniem postanowie\u0144 okre\u015blonych w art. 1 i 2 niniejszego zarz\u0105dzenia s\u0105 szczeg\u00f3\u0142owe regulacje okre\u015blone w pkt I i II poni\u017cej.<br \/>\nI. &#8211; To szczeg\u00f3\u0142owe rozporz\u0105dzenie dotyczy nast\u0119puj\u0105cych odcink\u00f3w autostrad:<br \/>\n&#8211; autostrady A 6 A i A 6 B obwodnicy Pary\u017ca do ich po\u0142\u0105czenia z autostradami A 6 i A 10 (gmina Wissous);<br \/>\n&#8211; autostrada A 106, od po\u0142\u0105czenia z autostrad\u0105 A 6 B do lotniska Orly;<br \/>\n&#8211; autostrada A 6, od po\u0142\u0105czenia z A 6 A i A 6 B do po\u0142\u0105czenia z RN 104-Est (gmina Lisses);<br \/>\n&#8211; autostrada A 10, od po\u0142\u0105czenia z A 6 A i A 6 B do RN 20 (gmina Champlan);<br \/>\n&#8211; autostrada A 13 od obwodnicy Pary\u017ca do w\u0119z\u0142a Poissy-Orgeval (gmina Orgeval);<br \/>\n&#8211; autostrada A 12, od po\u0142\u0105czenia z autostrad\u0105 A 13 (tr\u00f3jk\u0105t Rocquencourt) do RN 10 (gmina Montigny-le-Bretonneux).<\/p>\n<p>II. &#8211; Na odcinkach autostrad okre\u015blonych w punkcie I powy\u017cej ruch pojazd\u00f3w lub zespo\u0142\u00f3w pojazd\u00f3w o dopuszczalnej masie ca\u0142kowitej powy\u017cej 7,5 tony przeznaczony do transportu drogowego rzeczy, z wy\u0142\u0105czeniem pojazd\u00f3w specjalistycznych i pojazd\u00f3w i sprz\u0119tu rolniczego jest zabroniony:<br \/>\na) w kierunku z Pary\u017ca<br \/>\n&#8211; w pi\u0105tki od 16:00 do 21:00;<br \/>\n&#8211; w przeddzie\u0144 \u015bwi\u0105t, od 16:00 do 22:00<br \/>\n&#8211; w soboty od 10:00 do 18:00<br \/>\n&#8211; w niedziele lub \u015bwi\u0119ta od 22 do 24;<\/p>\n<p>b) w kierunku do Pary\u017ca:<br \/>\n&#8211; w niedziele lub \u015bwi\u0119ta od 22 do 24;<br \/>\n&#8211; w poniedzia\u0142ki lub dni po \u015bwi\u0119tach od 6:00 do 10:00.<\/p>\n","protected":false},"excerpt":{"rendered":"<p>Zakazy ruchu przewidziane w artyku\u0142ach 1 i 3 Dekretu z dnia 2 marca 2015 r. w sprawie zakazu ruchu pojazd\u00f3w do transportu towar\u00f3w w okre\u015blonych okresach, zostaj\u0105 zniesione od wtorku 10 listopada 2020 r. od godz. 16:00 do \u015brody 11 listopada 2020 r. do p\u00f3\u0142nocy. Zwolnienia te dotycz\u0105 nast\u0119puj\u0105cych pojazd\u00f3w: pojazdy przewo\u017c\u0105ce wy\u0142\u0105cznie \u017cywno\u015b\u0107 oraz [&hellip;]<\/p>\n","protected":false},"author":0,"featured_media":5573,"comment_status":"open","ping_status":"open","sticky":false,"template":"","format":"standard","meta":[],"categories":[1],"tags":[],"_links":{"self":[{"href":"http:\/\/avicegroup.com\/pl\/wp-json\/wp\/v2\/posts\/5572"}],"collection":[{"href":"http:\/\/avicegroup.com\/pl\/wp-json\/wp\/v2\/posts"}],"about":[{"href":"http:\/\/avicegroup.com\/pl\/wp-json\/wp\/v2\/types\/post"}],"replies":[{"embeddable":true,"href":"http:\/\/avicegroup.com\/pl\/wp-json\/wp\/v2\/comments?post=5572"}],"version-history":[{"count":0,"href":"http:\/\/avicegroup.com\/pl\/wp-json\/wp\/v2\/posts\/5572\/revisions"}],"wp:featuredmedia":[{"embeddable":true,"href":"http:\/\/avicegroup.com\/pl\/wp-json\/wp\/v2\/media\/5573"}],"wp:attachment":[{"href":"http:\/\/avicegroup.com\/pl\/wp-json\/wp\/v2\/media?parent=5572"}],"wp:term":[{"taxonomy":"category","embeddable":true,"href":"http:\/\/avicegroup.com\/pl\/wp-json\/wp\/v2\/categories?post=5572"},{"taxonomy":"post_tag","embeddable":true,"href":"http:\/\/avicegroup.com\/pl\/wp-json\/wp\/v2\/tags?post=5572"}],"curies":[{"name":"wp","href":"https:\/\/api.w.org\/{rel}","templated":true}]}}