{"id":5537,"date":"2022-05-06T16:03:55","date_gmt":"2022-05-06T16:03:55","guid":{"rendered":"http:\/\/news.631.html"},"modified":"2022-05-06T16:03:55","modified_gmt":"2022-05-06T16:03:55","slug":"wegry-zniesienie-weekendowych-i-swiatecznych-ograniczen-ruchu","status":"publish","type":"post","link":"http:\/\/avicegroup.com\/pl\/wegry-zniesienie-weekendowych-i-swiatecznych-ograniczen-ruchu\/","title":{"rendered":"W\u0119gry &#8211; Zniesienie weekendowych i \u015bwi\u0105tecznych ogranicze\u0144 ruchu"},"content":{"rendered":"<h1 class=\"ui header\">\n<div class=\"sub header\">W trosce o ci\u0105g\u0142o\u015b\u0107 dostaw towar\u00f3w Ministerstwo Innowacji i Technologii (ITM), korzystaj\u0105c z upowa\u017cnienia, za zgod\u0105 Ministerstwa Rolnictwa, wstrzymuje ograniczenia na czas nieokre\u015blony. Samochody ci\u0119\u017carowe mog\u0105 porusza\u0107 si\u0119 po drogach krajowych bez ogranicze\u0144 weekendowych do odwo\u0142ania.<\/div>\n<\/h1>\n<p style=\"font-size:1.1rem\">Podobna sytuacja, tj. czasowe zwolnienie z zakaz\u00f3w dla ci\u0119\u017car\u00f3wek mia\u0142o miejsce od po\u0142owy marca do ko\u0144ca czerwca br. Organizacje zawodowe za\u017c\u0105da\u0142y podj\u0119cia dzia\u0142a\u0144 przez ITM, cz\u0119\u015bciowo powo\u0142uj\u0105c si\u0119 na praktyk\u0119 zastosowan\u0105 w pierwszej fali epidemii.<\/p>\n<p>Zawieszenie pozwoli firmom krajowym na jeszcze bardziej elastyczn\u0105 organizacj\u0119 zada\u0144 transportowych. W ten spos\u00f3b mog\u0105 zaj\u0105\u0107 si\u0119 planowaniem ci\u0105g\u0142o\u015bci zaopatrzenia sklep\u00f3w i fabryk, dostawami do magazyn\u00f3w. Kierowcy mog\u0105 dostarcza\u0107 swoje przesy\u0142ki do miejsca przeznaczenia bez dalszych przerw, z zastrze\u017ceniem przestrzegania okres\u00f3w prowadzenia pojazdu i odpoczynku.<\/p>\n","protected":false},"excerpt":{"rendered":"<p>W trosce o ci\u0105g\u0142o\u015b\u0107 dostaw towar\u00f3w Ministerstwo Innowacji i Technologii (ITM), korzystaj\u0105c z upowa\u017cnienia, za zgod\u0105 Ministerstwa Rolnictwa, wstrzymuje ograniczenia na czas nieokre\u015blony. Samochody ci\u0119\u017carowe mog\u0105 porusza\u0107 si\u0119 po drogach krajowych bez ogranicze\u0144 weekendowych do odwo\u0142ania. Podobna sytuacja, tj. czasowe zwolnienie z zakaz\u00f3w dla ci\u0119\u017car\u00f3wek mia\u0142o miejsce od po\u0142owy marca do ko\u0144ca czerwca br. Organizacje [&hellip;]<\/p>\n","protected":false},"author":0,"featured_media":5538,"comment_status":"open","ping_status":"open","sticky":false,"template":"","format":"standard","meta":[],"categories":[1],"tags":[],"_links":{"self":[{"href":"http:\/\/avicegroup.com\/pl\/wp-json\/wp\/v2\/posts\/5537"}],"collection":[{"href":"http:\/\/avicegroup.com\/pl\/wp-json\/wp\/v2\/posts"}],"about":[{"href":"http:\/\/avicegroup.com\/pl\/wp-json\/wp\/v2\/types\/post"}],"replies":[{"embeddable":true,"href":"http:\/\/avicegroup.com\/pl\/wp-json\/wp\/v2\/comments?post=5537"}],"version-history":[{"count":0,"href":"http:\/\/avicegroup.com\/pl\/wp-json\/wp\/v2\/posts\/5537\/revisions"}],"wp:featuredmedia":[{"embeddable":true,"href":"http:\/\/avicegroup.com\/pl\/wp-json\/wp\/v2\/media\/5538"}],"wp:attachment":[{"href":"http:\/\/avicegroup.com\/pl\/wp-json\/wp\/v2\/media?parent=5537"}],"wp:term":[{"taxonomy":"category","embeddable":true,"href":"http:\/\/avicegroup.com\/pl\/wp-json\/wp\/v2\/categories?post=5537"},{"taxonomy":"post_tag","embeddable":true,"href":"http:\/\/avicegroup.com\/pl\/wp-json\/wp\/v2\/tags?post=5537"}],"curies":[{"name":"wp","href":"https:\/\/api.w.org\/{rel}","templated":true}]}}