{"id":5502,"date":"2022-05-06T16:03:51","date_gmt":"2022-05-06T16:03:51","guid":{"rendered":"http:\/\/news.638.html"},"modified":"2022-05-06T16:03:51","modified_gmt":"2022-05-06T16:03:51","slug":"wegry-przywrocono-ogolne-zasady-dotyczace-weekendowego-postoju-ciezarowek","status":"publish","type":"post","link":"http:\/\/avicegroup.com\/pl\/wegry-przywrocono-ogolne-zasady-dotyczace-weekendowego-postoju-ciezarowek\/","title":{"rendered":"W\u0119gry: Przywr\u00f3cono og\u00f3lne zasady dotycz\u0105ce weekendowego postoju ci\u0119\u017car\u00f3wek"},"content":{"rendered":"<h1 class=\"ui header\">\n<div class=\"sub header\">Jak poinformowa\u0142o Ministerstwo Innowacji i Technologii, od weekendu 28-29 listopada 2020 r. na W\u0119grzech zn\u00f3w b\u0119dzie obowi\u0105zywa\u0107 ograniczenie ruchu dla ci\u0119\u017car\u00f3wek na zasadach og\u00f3lnych, tj. pojazdy ci\u0119\u017carowe nie b\u0119d\u0105 mog\u0142y porusza\u0107 si\u0119 po drogach krajowych od godziny 22:00 w sobot\u0119 do 22:00 w niedziel\u0119.<\/div>\n<\/h1>\n<p style=\"font-size:1.1rem\">W tym przypadku obowi\u0105zuje zimowe odst\u0119pstwo, tj. ci\u0119\u017car\u00f3wki o klasie \u015brodowiskowej EURO-3 lub wy\u017cszej mog\u0105 si\u0119 swobodnie porusza\u0107 w ruchu mi\u0119dzynarodowym.<\/p>\n<p>Zakaz zosta\u0142 zawieszony na ostatnie dwa weekendy. Sezon adwentowy prawdopodobnie zwi\u0119kszy ruch na drogach. Ze wzgl\u0119d\u00f3w bezpiecze\u0144stwa na drogach ponownie uzasadnione jest skorzystanie z weekendowego postoju dla ci\u0119\u017car\u00f3wek. Zaleca si\u0119, aby przewo\u017anicy nie planowali przewoz\u00f3w w czasie obowi\u0105zywania zakazu  ale prze\u0142o\u017cyli je na dni robocze.<\/p>\n","protected":false},"excerpt":{"rendered":"<p>Jak poinformowa\u0142o Ministerstwo Innowacji i Technologii, od weekendu 28-29 listopada 2020 r. na W\u0119grzech zn\u00f3w b\u0119dzie obowi\u0105zywa\u0107 ograniczenie ruchu dla ci\u0119\u017car\u00f3wek na zasadach og\u00f3lnych, tj. pojazdy ci\u0119\u017carowe nie b\u0119d\u0105 mog\u0142y porusza\u0107 si\u0119 po drogach krajowych od godziny 22:00 w sobot\u0119 do 22:00 w niedziel\u0119. W tym przypadku obowi\u0105zuje zimowe odst\u0119pstwo, tj. ci\u0119\u017car\u00f3wki o klasie \u015brodowiskowej [&hellip;]<\/p>\n","protected":false},"author":0,"featured_media":5503,"comment_status":"open","ping_status":"open","sticky":false,"template":"","format":"standard","meta":[],"categories":[1],"tags":[],"_links":{"self":[{"href":"http:\/\/avicegroup.com\/pl\/wp-json\/wp\/v2\/posts\/5502"}],"collection":[{"href":"http:\/\/avicegroup.com\/pl\/wp-json\/wp\/v2\/posts"}],"about":[{"href":"http:\/\/avicegroup.com\/pl\/wp-json\/wp\/v2\/types\/post"}],"replies":[{"embeddable":true,"href":"http:\/\/avicegroup.com\/pl\/wp-json\/wp\/v2\/comments?post=5502"}],"version-history":[{"count":0,"href":"http:\/\/avicegroup.com\/pl\/wp-json\/wp\/v2\/posts\/5502\/revisions"}],"wp:featuredmedia":[{"embeddable":true,"href":"http:\/\/avicegroup.com\/pl\/wp-json\/wp\/v2\/media\/5503"}],"wp:attachment":[{"href":"http:\/\/avicegroup.com\/pl\/wp-json\/wp\/v2\/media?parent=5502"}],"wp:term":[{"taxonomy":"category","embeddable":true,"href":"http:\/\/avicegroup.com\/pl\/wp-json\/wp\/v2\/categories?post=5502"},{"taxonomy":"post_tag","embeddable":true,"href":"http:\/\/avicegroup.com\/pl\/wp-json\/wp\/v2\/tags?post=5502"}],"curies":[{"name":"wp","href":"https:\/\/api.w.org\/{rel}","templated":true}]}}