{"id":5492,"date":"2022-05-06T16:03:49","date_gmt":"2022-05-06T16:03:49","guid":{"rendered":"http:\/\/news.640.html"},"modified":"2022-05-06T16:03:49","modified_gmt":"2022-05-06T16:03:49","slug":"wlochy-zielone-swiatlo-dla-ciezkich-pojazdow-rowniez-w-najblizszy-weekend","status":"publish","type":"post","link":"http:\/\/avicegroup.com\/pl\/wlochy-zielone-swiatlo-dla-ciezkich-pojazdow-rowniez-w-najblizszy-weekend\/","title":{"rendered":"W\u0142ochy: zielone \u015bwiat\u0142o dla ci\u0119\u017ckich pojazd\u00f3w r\u00f3wnie\u017c w najbli\u017cszy weekend"},"content":{"rendered":"<h1 class=\"ui header\">\n<div class=\"sub header\">Dekretem podpisanym dzi\u015b przez Ministra Infrastruktury i Transportu Paol\u0119 De Micheli, przewo\u017anicy b\u0119d\u0105 mogli swobodnie przemieszcza\u0107 si\u0119 r\u00f3wnie\u017c w najbli\u017cszy weekend miesi\u0105ca (29.11.2020r) tak jak mia\u0142o to miejsce w poprzednie trzy weekendy.<\/div>\n<\/h1>\n<p style=\"font-size:1.1rem\">W szczeg\u00f3lno\u015bci po drogach pozamiejskich b\u0119d\u0105 mog\u0142y porusza\u0107 si\u0119 pojazdy s\u0142u\u017c\u0105ce do przewozu rzeczy o maksymalnej dopuszczalnej masie przekraczaj\u0105cej 7,5 tony. Ponadto zawieszenie zakazu mi\u0119dzynarodowych us\u0142ug transportu towarowego pozostaje w mocy do czasu podj\u0119cia dalszych dzia\u0142a\u0144 rz\u0105dowych.<\/p>\n<p>Postanowienie po raz kolejny sta\u0142o si\u0119 konieczne w zwi\u0105zku z sytuacj\u0105 kryzysow\u0105 zwi\u0105zan\u0105 z koronawirusem oraz potrzeb\u0105 usprawnienia systemu transportowego i przep\u0142ywu ruchu.<\/p>\n","protected":false},"excerpt":{"rendered":"<p>Dekretem podpisanym dzi\u015b przez Ministra Infrastruktury i Transportu Paol\u0119 De Micheli, przewo\u017anicy b\u0119d\u0105 mogli swobodnie przemieszcza\u0107 si\u0119 r\u00f3wnie\u017c w najbli\u017cszy weekend miesi\u0105ca (29.11.2020r) tak jak mia\u0142o to miejsce w poprzednie trzy weekendy. W szczeg\u00f3lno\u015bci po drogach pozamiejskich b\u0119d\u0105 mog\u0142y porusza\u0107 si\u0119 pojazdy s\u0142u\u017c\u0105ce do przewozu rzeczy o maksymalnej dopuszczalnej masie przekraczaj\u0105cej 7,5 tony. Ponadto zawieszenie [&hellip;]<\/p>\n","protected":false},"author":0,"featured_media":5493,"comment_status":"open","ping_status":"open","sticky":false,"template":"","format":"standard","meta":[],"categories":[1],"tags":[],"_links":{"self":[{"href":"http:\/\/avicegroup.com\/pl\/wp-json\/wp\/v2\/posts\/5492"}],"collection":[{"href":"http:\/\/avicegroup.com\/pl\/wp-json\/wp\/v2\/posts"}],"about":[{"href":"http:\/\/avicegroup.com\/pl\/wp-json\/wp\/v2\/types\/post"}],"replies":[{"embeddable":true,"href":"http:\/\/avicegroup.com\/pl\/wp-json\/wp\/v2\/comments?post=5492"}],"version-history":[{"count":0,"href":"http:\/\/avicegroup.com\/pl\/wp-json\/wp\/v2\/posts\/5492\/revisions"}],"wp:featuredmedia":[{"embeddable":true,"href":"http:\/\/avicegroup.com\/pl\/wp-json\/wp\/v2\/media\/5493"}],"wp:attachment":[{"href":"http:\/\/avicegroup.com\/pl\/wp-json\/wp\/v2\/media?parent=5492"}],"wp:term":[{"taxonomy":"category","embeddable":true,"href":"http:\/\/avicegroup.com\/pl\/wp-json\/wp\/v2\/categories?post=5492"},{"taxonomy":"post_tag","embeddable":true,"href":"http:\/\/avicegroup.com\/pl\/wp-json\/wp\/v2\/tags?post=5492"}],"curies":[{"name":"wp","href":"https:\/\/api.w.org\/{rel}","templated":true}]}}