{"id":5472,"date":"2022-05-06T16:03:47","date_gmt":"2022-05-06T16:03:47","guid":{"rendered":"http:\/\/news.644.html"},"modified":"2022-05-06T16:03:47","modified_gmt":"2022-05-06T16:03:47","slug":"tyrol-wprowadza-kolejne-zakazy-dla-ciezarowek","status":"publish","type":"post","link":"http:\/\/avicegroup.com\/pl\/tyrol-wprowadza-kolejne-zakazy-dla-ciezarowek\/","title":{"rendered":"Tyrol wprowadza kolejne zakazy dla ci\u0119\u017car\u00f3wek"},"content":{"rendered":"<h1 class=\"ui header\">\n<div class=\"sub header\"><\/div>\n<\/h1>\n<p style=\"font-size:1.1rem\">Zgodnie z rozporz\u0105dzeniem premiera Tyrolu i na podstawie paragraf\u00f3w 10 i 16 ust. 1 pkt 4 ustawy o kontroli zanieczyszczenia powietrza (IG-L), (NT 115\/1997), ostatnio zmienionej ustaw\u0105 NT. 73\/2018, w porozumieniu z federalnym Ministrem Ochrony Klimatu, \u015arodowiska, Energii, Mobilno\u015bci, Innowacji i Technologii:<\/p>\n<p>W rozporz\u0105dzeniu wprowadzaj\u0105cym nocny zakaz prowadzenia pojazd\u00f3w ci\u0119\u017carowych na autostradzie A12 (NT. 64\/2010), ostatnio zmienionym rozporz\u0105dzeniem NT. 62\/2016, wprowadza si\u0119 nast\u0119puj\u0105ce zmiany:<\/p>\n<p>1. W pkt 3 ust. 1 zdanie wprowadzaj\u0105ce powinno brzmie\u0107:<br \/>\n<i>\u201eNa obszarze obj\u0119tym ochron\u0105 powietrza zabroniony jest ruch nast\u0119puj\u0105cych pojazd\u00f3w na obu pasach autostrady A12 mi\u0119dzy 6,35 kilometrem w gminie Langkampfen a 90,00 kilometrem w gminie Zirl, chyba \u017ce s\u0105 one wyposa\u017cone w nap\u0119d wy\u0142\u0105cznie elektryczny lub wodorowe ogniwa paliwowe\u201d.<\/i><\/p>\n<p>3. W punkcie 1 ust. 4 dotychczasowa tre\u015b\u0107 punkt\u00f3w h oraz i zostaje zast\u0105pione nowym brzmieniem pkt. h:<br \/>\n<i>&#8220;h) do 31 grudnia 2020 r. przejazdy pojazdami klasy Euro VI (emisja NOx nie wi\u0119cej ni\u017c 0,4 g \/ kWh), pod warunkiem \u017ce jest to wskazane przez odpowiednie oznakowanie pojazdu zgodnie z ustaw\u0105 IG-L &#8211; przepis dotycz\u0105cy oznaczania klas spalin, (NT. 120\/2012), ostatnio zmienionej rozporz\u0105dzeniem NT. 272\/2014 lub w przypadku maszyn samobie\u017cnych, dokumentem przewo\u017conym w poje\u017adzie; jednak od 1 stycznia 2021 tylko pod warunkiem, \u017ce pojazdy znajduj\u0105 si\u0119 na terenie strefy centralnej zgodnie z ust. 2 zdanie pierwsze (punkt wyjazdy lub miejsce przeznaczenia znajduje si\u0119 w strefie centralnej) lub w strefie rozszerzonej zgodnie z ust. 2 zdanie drugie (punkt wyjazdy lub miejsce przeznaczenia znajduje si\u0119 w strefie rozszerzonej) lub przew\u00f3z towar\u00f3w odbywa si\u0119 jedynie odcinkiem autostrady A12 mi\u0119dzy 72,00 puntem kilometrowym w gminie Ampass i 90,00 punktem kilometrowym w gminie Zirl,&#8221;<\/i><\/p>\n<p>5. Poprzedni ust\u0119p 2 \u00a7 4 zast\u0119puje si\u0119 nast\u0119puj\u0105cymi nowymi ust\u0119pami 2 i 3:<br \/>\n<i>&#8220;(2) Strefa centralna obejmuje powiaty Imst, Innsbruck-Land, Innsbruck-Stadt, Kufstein i Schwaz. Do strefy rozszerzonej zalicza si\u0119 na terenie<br \/>\na) Austrii: powiaty Kitzb\u00fchel, Landeck, Lienz, Reutte oraz Zell am See,<br \/>\nb) Niemiec: okr\u0119gi Bad T\u00f6lz-Wolfratshausen, Garmisch-Partenkirchen, Miesbach, Rosenheim (w tym miasto) and Traunstein,<br \/>\nc) W\u0142och: gminy okr\u0119gowe Eisacktal, Pustertal i Wipptal.<br \/>\n(3) Dokumenty zgodnie z paragrafem 1 pkt. g i h nale\u017cy przewozi\u0107 w poje\u017adzie okaza\u0107 na \u017c\u0105danie inspektor\u00f3w drogowych.&#8221;<\/i><\/p>\n<p>Niniejsze rozporz\u0105dzenie wchodzi w \u017cycie z ko\u0144cem dnia publikacji.<\/p>\n<p>Przypominamy, \u017ce ze wzgl\u0119du na zagro\u017cenie du\u017cym nat\u0119\u017ceniem ruchu, w pierwszej po\u0142owie 2021 roku tyrolskie w\u0142adze planuj\u0105 kilkana\u015bcie dni, w kt\u00f3rych obowi\u0105zywa\u0107 b\u0119dzie dozowanie liczby ci\u0119\u017car\u00f3wek przekraczaj\u0105cych granic\u0119 na autostradzie A12 Inntal w pobli\u017cu Kufstein-Nord.<\/p>\n<p><a href=\"https:\/\/etransport.pl\/wiadomosc62089.html\" class=\"ui circular right labeled icon button\" target=\"_blank\" rel=\"noopener\">19 dni z ograniczeniami dla ci\u0119\u017car\u00f3wek <i class=\"ui right arrow icon\"><\/i><\/a><\/p>\n","protected":false},"excerpt":{"rendered":"<p>Zgodnie z rozporz\u0105dzeniem premiera Tyrolu i na podstawie paragraf\u00f3w 10 i 16 ust. 1 pkt 4 ustawy o kontroli zanieczyszczenia powietrza (IG-L), (NT 115\/1997), ostatnio zmienionej ustaw\u0105 NT. 73\/2018, w porozumieniu z federalnym Ministrem Ochrony Klimatu, \u015arodowiska, Energii, Mobilno\u015bci, Innowacji i Technologii: W rozporz\u0105dzeniu wprowadzaj\u0105cym nocny zakaz prowadzenia pojazd\u00f3w ci\u0119\u017carowych na autostradzie A12 (NT. 64\/2010), [&hellip;]<\/p>\n","protected":false},"author":0,"featured_media":5473,"comment_status":"open","ping_status":"open","sticky":false,"template":"","format":"standard","meta":[],"categories":[1],"tags":[],"_links":{"self":[{"href":"http:\/\/avicegroup.com\/pl\/wp-json\/wp\/v2\/posts\/5472"}],"collection":[{"href":"http:\/\/avicegroup.com\/pl\/wp-json\/wp\/v2\/posts"}],"about":[{"href":"http:\/\/avicegroup.com\/pl\/wp-json\/wp\/v2\/types\/post"}],"replies":[{"embeddable":true,"href":"http:\/\/avicegroup.com\/pl\/wp-json\/wp\/v2\/comments?post=5472"}],"version-history":[{"count":0,"href":"http:\/\/avicegroup.com\/pl\/wp-json\/wp\/v2\/posts\/5472\/revisions"}],"wp:featuredmedia":[{"embeddable":true,"href":"http:\/\/avicegroup.com\/pl\/wp-json\/wp\/v2\/media\/5473"}],"wp:attachment":[{"href":"http:\/\/avicegroup.com\/pl\/wp-json\/wp\/v2\/media?parent=5472"}],"wp:term":[{"taxonomy":"category","embeddable":true,"href":"http:\/\/avicegroup.com\/pl\/wp-json\/wp\/v2\/categories?post=5472"},{"taxonomy":"post_tag","embeddable":true,"href":"http:\/\/avicegroup.com\/pl\/wp-json\/wp\/v2\/tags?post=5472"}],"curies":[{"name":"wp","href":"https:\/\/api.w.org\/{rel}","templated":true}]}}