{"id":5467,"date":"2022-05-06T16:03:46","date_gmt":"2022-05-06T16:03:46","guid":{"rendered":"http:\/\/news.645.html"},"modified":"2022-05-06T16:03:46","modified_gmt":"2022-05-06T16:03:46","slug":"wlosi-znosza-grudniowe-zakazy-dla-ciezarowek","status":"publish","type":"post","link":"http:\/\/avicegroup.com\/pl\/wlosi-znosza-grudniowe-zakazy-dla-ciezarowek\/","title":{"rendered":"W\u0142osi znosz\u0105 grudniowe zakazy dla ci\u0119\u017car\u00f3wek"},"content":{"rendered":"<h1 class=\"ui header\">\n<div class=\"sub header\">Dekretem podpisanym dzi\u015b, 4 grudnia br., przez Ministra Infrastruktury i Transportu, przewo\u017anicy b\u0119d\u0105 mogli swobodnie przemieszcza\u0107 si\u0119 w grudniowe weekendy i \u015bwi\u0119ta.<\/div>\n<\/h1>\n<p style=\"font-size:1.1rem\">W zwi\u0105zku z tym, pojazdy s\u0142u\u017c\u0105ce do przewozu rzeczy, o maksymalnej dopuszczalnej masie przekraczaj\u0105cej 7,5 tony, b\u0119d\u0105 mog\u0142y porusza\u0107 si\u0119 po drogach pozamiejskich: <b>6, 8, 13, 20, 25, 26 i 27 grudnia 2020 roku.<\/b>  <\/p>\n<p>Dotyczy to krajowego transportu drogowego, poniewa\u017c zawieszenie zakazu mi\u0119dzynarodowych us\u0142ug transportu towarowego jest nadal wa\u017cne i pozostanie takie do czasu podj\u0119cia dalszych dzia\u0142a\u0144 rz\u0105dowych.<\/p>\n<p>Ministerstwo wyja\u015bnia, \u017ce \u200b\u200bjest to postanowienie, kt\u00f3re ponownie sta\u0142o si\u0119 konieczne w zwi\u0105zku z sytuacj\u0105 kryzysow\u0105 zwi\u0105zan\u0105 z koronawirusem i potrzeb\u0105 usprawnienia systemu transportowego i przep\u0142ywu ruchu.<\/p>\n","protected":false},"excerpt":{"rendered":"<p>Dekretem podpisanym dzi\u015b, 4 grudnia br., przez Ministra Infrastruktury i Transportu, przewo\u017anicy b\u0119d\u0105 mogli swobodnie przemieszcza\u0107 si\u0119 w grudniowe weekendy i \u015bwi\u0119ta. W zwi\u0105zku z tym, pojazdy s\u0142u\u017c\u0105ce do przewozu rzeczy, o maksymalnej dopuszczalnej masie przekraczaj\u0105cej 7,5 tony, b\u0119d\u0105 mog\u0142y porusza\u0107 si\u0119 po drogach pozamiejskich: 6, 8, 13, 20, 25, 26 i 27 grudnia 2020 [&hellip;]<\/p>\n","protected":false},"author":0,"featured_media":5468,"comment_status":"open","ping_status":"open","sticky":false,"template":"","format":"standard","meta":[],"categories":[1],"tags":[],"_links":{"self":[{"href":"http:\/\/avicegroup.com\/pl\/wp-json\/wp\/v2\/posts\/5467"}],"collection":[{"href":"http:\/\/avicegroup.com\/pl\/wp-json\/wp\/v2\/posts"}],"about":[{"href":"http:\/\/avicegroup.com\/pl\/wp-json\/wp\/v2\/types\/post"}],"replies":[{"embeddable":true,"href":"http:\/\/avicegroup.com\/pl\/wp-json\/wp\/v2\/comments?post=5467"}],"version-history":[{"count":0,"href":"http:\/\/avicegroup.com\/pl\/wp-json\/wp\/v2\/posts\/5467\/revisions"}],"wp:featuredmedia":[{"embeddable":true,"href":"http:\/\/avicegroup.com\/pl\/wp-json\/wp\/v2\/media\/5468"}],"wp:attachment":[{"href":"http:\/\/avicegroup.com\/pl\/wp-json\/wp\/v2\/media?parent=5467"}],"wp:term":[{"taxonomy":"category","embeddable":true,"href":"http:\/\/avicegroup.com\/pl\/wp-json\/wp\/v2\/categories?post=5467"},{"taxonomy":"post_tag","embeddable":true,"href":"http:\/\/avicegroup.com\/pl\/wp-json\/wp\/v2\/tags?post=5467"}],"curies":[{"name":"wp","href":"https:\/\/api.w.org\/{rel}","templated":true}]}}