{"id":5447,"date":"2022-05-06T16:03:43","date_gmt":"2022-05-06T16:03:43","guid":{"rendered":"http:\/\/news.649.html"},"modified":"2022-05-06T16:03:43","modified_gmt":"2022-05-06T16:03:43","slug":"kilka-landow-zawiesza-zakazy-dla-ciezarowek-ktore-i-czego-dotycza","status":"publish","type":"post","link":"http:\/\/avicegroup.com\/pl\/kilka-landow-zawiesza-zakazy-dla-ciezarowek-ktore-i-czego-dotycza\/","title":{"rendered":"Kilka land\u00f3w zawiesza zakazy dla ci\u0119\u017car\u00f3wek &#8211; kt\u00f3re i czego dotycz\u0105?"},"content":{"rendered":"<h1 class=\"ui header\">\n<div class=\"sub header\">Obowi\u0105zuj\u0105 one od teraz do 30 czerwca, jak r\u00f3wnie\u017c od 17 grudnia br. do 31 stycznia 2021 roku.<\/div>\n<\/h1>\n<p style=\"font-size:1.1rem\">\n<h3>Aktualizacja z 17 grudnia 2020 roku<\/h3>\n<p>Dodatkowo Saksonia- Anhalt od dzisiaj do 31 stycznia 2021 robi odst\u0119pstwo dla wszystkich (og\u00f3lnie wszystkie transporty i puste przejazdy).<\/p>\n<p>Jak poinformowa\u0142 BAG, <b>Hesja, Nadrenia P\u00f3\u0142nocna-Westfalia, Szlezwik-Holsztyn, Nadrenia-Palatynat, Saksonia-Anhalt, Berlin, Badenia-Wirtembergia<\/b> wprowadzi\u0142y zwolnienia z zakazu prowadzenia pojazd\u00f3w w niedziele i \u015bwi\u0119ta dla transportu, do 30 czerwca 2021 roku, dotycz\u0105cego zaopatrzenia o\u015brodk\u00f3w szczepie\u0144 przeciwko koronawirusowi w:<\/p>\n<li>szczepionki,<\/li>\n<li>systemy ch\u0142odzenia do (tymczasowego) przechowywania szczepionek,<\/li>\n<li>sprz\u0119t do szczepie\u0144 lub niezb\u0119dne instrumenty medyczne,<\/li>\n<li>a tak\u017ce inne produkty u\u017cywane bezpo\u015brednio do zapewnienie dzia\u0142ania i funkcjonalno\u015bci o\u015brodk\u00f3w szczepie\u0144.<\/li>\n<p>\nZwolnienie dotyczy r\u00f3wnie\u017c pustych przebieg\u00f3w zwi\u0105zanych bezpo\u015brednio dostawami do o\u015brodk\u00f3w szczepie\u0144.<\/p>\n<p>Przypominamy, \u017ce Nadrenia-P\u00f3\u0142nocna Westfalia i Meklemburgia-Pomorze Przednie zdecydowa\u0142y si\u0119 znie\u015b\u0107 ograniczenia dla ci\u0119\u017car\u00f3wek do 18 stycznia 2021r.<\/p>\n<p><a href=\"https:\/\/etransport.pl\/wiadomosc62254.html\" class=\"ui circular right labeled icon button\" target=\"_blank\" rel=\"noopener\">Jeden z land\u00f3w znosi zakazy dla pojazd\u00f3w ci\u0119\u017carowych <i class=\"ui right arrow icon\"><\/i><\/a><\/p>\n<p><a href=\"https:\/\/etransport.pl\/wiadomosc62356.html\" class=\"ui circular right labeled icon button\" target=\"_blank\" rel=\"noopener\">Kolejny land znosi zakazy dla pojazd\u00f3w ci\u0119\u017carowych <i class=\"ui right arrow icon\"><\/i><\/a><\/p>\n","protected":false},"excerpt":{"rendered":"<p>Obowi\u0105zuj\u0105 one od teraz do 30 czerwca, jak r\u00f3wnie\u017c od 17 grudnia br. do 31 stycznia 2021 roku. Aktualizacja z 17 grudnia 2020 roku Dodatkowo Saksonia- Anhalt od dzisiaj do 31 stycznia 2021 robi odst\u0119pstwo dla wszystkich (og\u00f3lnie wszystkie transporty i puste przejazdy). Jak poinformowa\u0142 BAG, Hesja, Nadrenia P\u00f3\u0142nocna-Westfalia, Szlezwik-Holsztyn, Nadrenia-Palatynat, Saksonia-Anhalt, Berlin, Badenia-Wirtembergia wprowadzi\u0142y [&hellip;]<\/p>\n","protected":false},"author":0,"featured_media":5448,"comment_status":"open","ping_status":"open","sticky":false,"template":"","format":"standard","meta":[],"categories":[1],"tags":[],"_links":{"self":[{"href":"http:\/\/avicegroup.com\/pl\/wp-json\/wp\/v2\/posts\/5447"}],"collection":[{"href":"http:\/\/avicegroup.com\/pl\/wp-json\/wp\/v2\/posts"}],"about":[{"href":"http:\/\/avicegroup.com\/pl\/wp-json\/wp\/v2\/types\/post"}],"replies":[{"embeddable":true,"href":"http:\/\/avicegroup.com\/pl\/wp-json\/wp\/v2\/comments?post=5447"}],"version-history":[{"count":0,"href":"http:\/\/avicegroup.com\/pl\/wp-json\/wp\/v2\/posts\/5447\/revisions"}],"wp:featuredmedia":[{"embeddable":true,"href":"http:\/\/avicegroup.com\/pl\/wp-json\/wp\/v2\/media\/5448"}],"wp:attachment":[{"href":"http:\/\/avicegroup.com\/pl\/wp-json\/wp\/v2\/media?parent=5447"}],"wp:term":[{"taxonomy":"category","embeddable":true,"href":"http:\/\/avicegroup.com\/pl\/wp-json\/wp\/v2\/categories?post=5447"},{"taxonomy":"post_tag","embeddable":true,"href":"http:\/\/avicegroup.com\/pl\/wp-json\/wp\/v2\/tags?post=5447"}],"curies":[{"name":"wp","href":"https:\/\/api.w.org\/{rel}","templated":true}]}}