{"id":5422,"date":"2022-05-06T16:03:40","date_gmt":"2022-05-06T16:03:40","guid":{"rendered":"http:\/\/news.654.html"},"modified":"2022-05-06T16:03:40","modified_gmt":"2022-05-06T16:03:40","slug":"belgijski-rzad-postanowil-zlagodzic-przepisy-dotyczace-czasow-jazdy-i-odpoczynku","status":"publish","type":"post","link":"http:\/\/avicegroup.com\/pl\/belgijski-rzad-postanowil-zlagodzic-przepisy-dotyczace-czasow-jazdy-i-odpoczynku\/","title":{"rendered":"Belgijski rz\u0105d postanowi\u0142 z\u0142agodzi\u0107 przepisy dotycz\u0105ce czas\u00f3w jazdy i odpoczynku"},"content":{"rendered":"<h1 class=\"ui header\">\n<div class=\"sub header\">Hiszpa\u0144skie stowarzyszenie transportowe FENADISMER poinformowa\u0142o, \u017ce od kilku tygodni ro\u015bnie zaniepokojenie sytuacj\u0105, w jakiej znajdzie si\u0119 transport drogowy mi\u0119dzy Wielk\u0105 Brytani\u0105 a Uni\u0105 Europejsk\u0105 po zako\u0144czeniu okresu przej\u015bciowego, kt\u00f3ry mija 31 grudnia.<\/div>\n<\/h1>\n<p style=\"font-size:1.1rem\">O realno\u015bci tych obaw \u015bwiadcz\u0105 pot\u0119\u017cne zatory, jakie powsta\u0142y na g\u0142\u00f3wnych autostradach dojazdowych do port\u00f3w po obu stronach kana\u0142u La Manche. Panuj\u0105cy chaos pogarsza sytuacja epidemiologiczna w Wielkiej Brytanii, kt\u00f3ra sk\u0142oni\u0142a rz\u0105d francuski do podj\u0119cia decyzji o zamkni\u0119ciu granic na 48 godzin.<\/p>\n<p>Spowodowa\u0142o to, opr\u00f3cz niezliczonych trudno\u015bci dla kierowc\u00f3w, niemo\u017cno\u015b\u0107 przestrzegania przepis\u00f3w dotycz\u0105cych czasu jazdy i odpoczynku. Z tego powodu, hiszpa\u0144ska Federacja Organizacji Transportowych FENADISMER, za po\u015brednictwem Europejskiego Zrzeszenia Przewo\u017anik\u00f3w Drogowych (UETR), zwr\u00f3ci\u0142a si\u0119 do Komisji Europejskiej i rz\u0105d\u00f3w krajowych o zatwierdzenie wyj\u0105tkowego \u015brodka w postaci systemu zwolnie\u0144 od obowi\u0105zuj\u0105cych przepis\u00f3w.<\/p>\n<p>W odpowiedzi na t\u0119 pro\u015bb\u0119 rz\u0105d belgijski zatwierdzi\u0142 wyj\u0105tkowe rozporz\u0105dzenie, kt\u00f3re \u0142agodzi egzekwowanie przepis\u00f3w na temat czasu prowadzenia pojazdu i odpoczynku. FENADISMER nadal oczekuje odpowiedzi ze strony hiszpa\u0144skiego Ministerstwa Transportu na wniosek z\u0142o\u017cony w zesz\u0142ym tygodniu.<\/p>\n<p>Aby u\u0142atwi\u0107 przestrzeganie czas\u00f3w jazdy i odpoczynku dla kierowc\u00f3w podr\u00f3\u017cuj\u0105cych do port\u00f3w w Belgii i Francji, g\u0142\u00f3wnie ze wzgl\u0119du na utrudnienia w ruchu na przej\u015bciach granicznych (przede wszystkim na trasie E40 do Calais, oraz na E17 w rejonie miasta Rekkem przy granicy belgijsko-francuskiej), <b>rz\u0105d belgijski postanowi\u0142 z\u0142agodzi\u0107 przepisy dotycz\u0105ce czas\u00f3w jazdy i odpoczynku od 28 grudnia 2020 r. do 21 stycznia 2021 r. na nast\u0119puj\u0105cych warunkach:<\/b><\/p>\n<li>dzienny czas jazdy mo\u017ce by\u0107 wyd\u0142u\u017cony z 9 do 11 godzin,<\/li>\n<li>obowi\u0105zkowa dzienna przerwa 45-minutowa mo\u017ce by\u0107 odbyta po 5 i p\u00f3\u0142 godziny jazdy,<\/li>\n<li>czas dziennego odpoczynku mo\u017ce by\u0107 skr\u00f3cony z 11 do 9 godzin,<\/li>\n<li>odpoczynek tygodniowy mo\u017cna by\u0107 od\u0142o\u017cony w czasie i zrealizowany po wi\u0119cej ni\u017c sze\u015bciu dniach jazdy.<\/li>\n<p>\nNale\u017cy jednak podkre\u015bli\u0107, \u017ce wspomniane tymczasowe z\u0142agodzenie przepis\u00f3w jest zwi\u0105zane z wyj\u0105tkowymi okoliczno\u015bciami dotycz\u0105cymi brexitu i braku porozumienia mi\u0119dzy Wielk\u0105 Brytani\u0105 a UE i rz\u0105d belgijski zaleca, aby firmy transportowe podr\u00f3\u017cuj\u0105ce do Wielkiej Brytanii w przysz\u0142o\u015bci, uwzgl\u0119dni\u0142y te okoliczno\u015bci i ryzyka w planowaniu swojej dzia\u0142alno\u015bci.<\/p>\n<p><i>\u0179r\u00f3d\u0142o: FENADISMER<\/i><\/p>\n","protected":false},"excerpt":{"rendered":"<p>Hiszpa\u0144skie stowarzyszenie transportowe FENADISMER poinformowa\u0142o, \u017ce od kilku tygodni ro\u015bnie zaniepokojenie sytuacj\u0105, w jakiej znajdzie si\u0119 transport drogowy mi\u0119dzy Wielk\u0105 Brytani\u0105 a Uni\u0105 Europejsk\u0105 po zako\u0144czeniu okresu przej\u015bciowego, kt\u00f3ry mija 31 grudnia. O realno\u015bci tych obaw \u015bwiadcz\u0105 pot\u0119\u017cne zatory, jakie powsta\u0142y na g\u0142\u00f3wnych autostradach dojazdowych do port\u00f3w po obu stronach kana\u0142u La Manche. Panuj\u0105cy chaos [&hellip;]<\/p>\n","protected":false},"author":0,"featured_media":5423,"comment_status":"open","ping_status":"open","sticky":false,"template":"","format":"standard","meta":[],"categories":[1],"tags":[],"_links":{"self":[{"href":"http:\/\/avicegroup.com\/pl\/wp-json\/wp\/v2\/posts\/5422"}],"collection":[{"href":"http:\/\/avicegroup.com\/pl\/wp-json\/wp\/v2\/posts"}],"about":[{"href":"http:\/\/avicegroup.com\/pl\/wp-json\/wp\/v2\/types\/post"}],"replies":[{"embeddable":true,"href":"http:\/\/avicegroup.com\/pl\/wp-json\/wp\/v2\/comments?post=5422"}],"version-history":[{"count":0,"href":"http:\/\/avicegroup.com\/pl\/wp-json\/wp\/v2\/posts\/5422\/revisions"}],"wp:featuredmedia":[{"embeddable":true,"href":"http:\/\/avicegroup.com\/pl\/wp-json\/wp\/v2\/media\/5423"}],"wp:attachment":[{"href":"http:\/\/avicegroup.com\/pl\/wp-json\/wp\/v2\/media?parent=5422"}],"wp:term":[{"taxonomy":"category","embeddable":true,"href":"http:\/\/avicegroup.com\/pl\/wp-json\/wp\/v2\/categories?post=5422"},{"taxonomy":"post_tag","embeddable":true,"href":"http:\/\/avicegroup.com\/pl\/wp-json\/wp\/v2\/tags?post=5422"}],"curies":[{"name":"wp","href":"https:\/\/api.w.org\/{rel}","templated":true}]}}